{"id":10958,"date":"2025-06-25T10:08:11","date_gmt":"2025-06-25T14:08:11","guid":{"rendered":"https:\/\/jornaloalvorada.com.br\/site\/?p=10958"},"modified":"2025-06-25T10:08:14","modified_gmt":"2025-06-25T14:08:14","slug":"governo-lula-e-reprovado-por-567-da-populacao-aponta-parana-pesquisas","status":"publish","type":"post","link":"https:\/\/jornaloalvorada.com.br\/site\/2025\/06\/25\/governo-lula-e-reprovado-por-567-da-populacao-aponta-parana-pesquisas\/","title":{"rendered":"Governo Lula \u00e9 reprovado por 56,7% da popula\u00e7\u00e3o, aponta Paran\u00e1 Pesquisas"},"content":{"rendered":"\n<p>Um levantamento da <strong><a href=\"http:\/\/jovempan.com.br\/tag\/parana-pesquisas\">Paran\u00e1 Pesquisas<\/a><\/strong> divulgado nesta quarta-feira (25) trouxe \u00e0 tona dados significativos sobre a percep\u00e7\u00e3o da popula\u00e7\u00e3o em rela\u00e7\u00e3o \u00e0 administra\u00e7\u00e3o do governo federal. De acordo com a pesquisa, 56,7% dos entrevistados desaprovam a gest\u00e3o atual, enquanto 39,8% a aprovam. Um pequeno percentual, 3,5%, n\u00e3o soube ou preferiu n\u00e3o responder. Quando o foco se volta para o terceiro mandato do presidente <strong><a href=\"http:\/\/jovempan.com.br\/tag\/lula\">Lula<\/a><\/strong>, as opini\u00f5es se dividem: 8,8% consideram a gest\u00e3o \u00f3tima, 16,8% a classificam como boa, e 25,8% a avaliam como regular.<\/p>\n\n\n\n<figure class=\"wp-block-image size-full\"><img loading=\"lazy\" decoding=\"async\" width=\"750\" height=\"450\" src=\"https:\/\/jornaloalvorada.com.br\/site\/wp-content\/uploads\/2025\/06\/imagem-jvp-97-750x450-1.png\" alt=\"\" class=\"wp-image-10959\" srcset=\"https:\/\/jornaloalvorada.com.br\/site\/wp-content\/uploads\/2025\/06\/imagem-jvp-97-750x450-1.png 750w, https:\/\/jornaloalvorada.com.br\/site\/wp-content\/uploads\/2025\/06\/imagem-jvp-97-750x450-1-300x180.png 300w\" sizes=\"auto, (max-width: 750px) 100vw, 750px\" \/><\/figure>\n\n\n\n<p>Em contrapartida, 9,6% dos entrevistados consideram a administra\u00e7\u00e3o ruim, e 37,9% a julgam p\u00e9ssima. Apenas 1,1% n\u00e3o souberam ou n\u00e3o responderam. A pesquisa, realizada entre os dias 18 e 22 de junho, abrangeu 2020 pessoas em 26 estados e no Distrito Federal, em 162 munic\u00edpios do pa\u00eds, com uma margem de erro de 2,2 pontos percentuais e um grau de confian\u00e7a de 95%.<\/p>\n\n\n\n<p><em>Fonte: Jovem Pan<\/em><\/p>\n","protected":false},"excerpt":{"rendered":"<p>Um levantamento da Paran\u00e1 Pesquisas divulgado nesta quarta-feira (25) trouxe \u00e0 tona dados significativos sobre a percep\u00e7\u00e3o da popula\u00e7\u00e3o em<\/p>\n","protected":false},"author":1,"featured_media":10960,"comment_status":"open","ping_status":"open","sticky":false,"template":"","format":"standard","meta":{"footnotes":""},"categories":[2],"tags":[],"class_list":["post-10958","post","type-post","status-publish","format-standard","has-post-thumbnail","hentry","category-noticias"],"_links":{"self":[{"href":"https:\/\/jornaloalvorada.com.br\/site\/wp-json\/wp\/v2\/posts\/10958","targetHints":{"allow":["GET"]}}],"collection":[{"href":"https:\/\/jornaloalvorada.com.br\/site\/wp-json\/wp\/v2\/posts"}],"about":[{"href":"https:\/\/jornaloalvorada.com.br\/site\/wp-json\/wp\/v2\/types\/post"}],"author":[{"embeddable":true,"href":"https:\/\/jornaloalvorada.com.br\/site\/wp-json\/wp\/v2\/users\/1"}],"replies":[{"embeddable":true,"href":"https:\/\/jornaloalvorada.com.br\/site\/wp-json\/wp\/v2\/comments?post=10958"}],"version-history":[{"count":1,"href":"https:\/\/jornaloalvorada.com.br\/site\/wp-json\/wp\/v2\/posts\/10958\/revisions"}],"predecessor-version":[{"id":10961,"href":"https:\/\/jornaloalvorada.com.br\/site\/wp-json\/wp\/v2\/posts\/10958\/revisions\/10961"}],"wp:featuredmedia":[{"embeddable":true,"href":"https:\/\/jornaloalvorada.com.br\/site\/wp-json\/wp\/v2\/media\/10960"}],"wp:attachment":[{"href":"https:\/\/jornaloalvorada.com.br\/site\/wp-json\/wp\/v2\/media?parent=10958"}],"wp:term":[{"taxonomy":"category","embeddable":true,"href":"https:\/\/jornaloalvorada.com.br\/site\/wp-json\/wp\/v2\/categories?post=10958"},{"taxonomy":"post_tag","embeddable":true,"href":"https:\/\/jornaloalvorada.com.br\/site\/wp-json\/wp\/v2\/tags?post=10958"}],"curies":[{"name":"wp","href":"https:\/\/api.w.org\/{rel}","templated":true}]}}