{"id":10955,"date":"2025-06-25T10:03:02","date_gmt":"2025-06-25T14:03:02","guid":{"rendered":"https:\/\/jornaloalvorada.com.br\/site\/?p=10955"},"modified":"2025-06-25T10:03:05","modified_gmt":"2025-06-25T14:03:05","slug":"prazo-para-pagar-taxa-de-inscricao-do-enem-2025-vai-ate-sexta-feira","status":"publish","type":"post","link":"https:\/\/jornaloalvorada.com.br\/site\/2025\/06\/25\/prazo-para-pagar-taxa-de-inscricao-do-enem-2025-vai-ate-sexta-feira\/","title":{"rendered":"Prazo para pagar taxa de inscri\u00e7\u00e3o do Enem 2025 vai at\u00e9 sexta-feira"},"content":{"rendered":"\n<p>O prazo para o pagamento da taxa de inscri\u00e7\u00e3o do Exame Nacional do Ensino M\u00e9dio (Enem) 2025 termina nesta sexta-feira (27), para que a inscri\u00e7\u00e3o seja confirmada.<img decoding=\"async\" src=\"https:\/\/agenciabrasil.ebc.com.br\/ebc.png?id=1648223&amp;o=node\"><img decoding=\"async\" src=\"https:\/\/agenciabrasil.ebc.com.br\/ebc.gif?id=1648223&amp;o=node\"><\/p>\n\n\n\n<p>O boleto de R$ 85 \u00e9 gerado na <a href=\"https:\/\/enem.inep.gov.br\/participante\/#!\/\" target=\"_blank\" rel=\"noreferrer noopener\">P\u00e1gina do Participante<\/a>, e pode ser quitado por meio de Pix, cart\u00e3o de cr\u00e9dito, d\u00e9bito em conta corrente ou poupan\u00e7a.&nbsp;<\/p>\n\n\n\n<p>De acordo com o <a href=\"https:\/\/www.in.gov.br\/en\/web\/dou\/-\/edital-n-52-de-23-de-maio-de-2025-631610576\" target=\"_blank\" rel=\"noreferrer noopener\">edital do Enem 2025<\/a>, os estudantes do 3\u00ba ano de escolas p\u00fablicas, que concluem o ensino m\u00e9dio este ano est\u00e3o isentos.&nbsp;<\/p>\n\n\n\n<h2 class=\"wp-block-heading\">Recurso<\/h2>\n\n\n\n<p><strong>Tamb\u00e9m termina nesta sexta-feira o prazo para os que tiveram negadas as solicita\u00e7\u00f5es de atendimento especializado entrarem com recursos.<\/strong> Os resultados dos pedidos est\u00e3o na P\u00e1gina do Participante.&nbsp;<\/p>\n\n\n\n<p>Para solicitar uma nova an\u00e1lise para atendimentos especializados, \u00e9 necess\u00e1rio enviar documenta\u00e7\u00e3o que comprove a condi\u00e7\u00e3o alegada, como pessoa com defici\u00eancia ou participante com transtorno funcional espec\u00edfico &#8211; Transtorno do Espectro Autista , dislexia ou d\u00e9ficit de aten\u00e7\u00e3o -, entre outras condi\u00e7\u00f5es.<\/p>\n\n\n\n<h2 class=\"wp-block-heading\">Orienta\u00e7\u00f5es<\/h2>\n\n\n\n<p>O Inep criou uma <a href=\"https:\/\/www.gov.br\/inep\/pt-br\/acesso-a-informacao\/perguntas-frequentes\/exame-nacional-do-ensino-medio-enem\" target=\"_blank\" rel=\"noreferrer noopener\">p\u00e1gina na internet<\/a> em que \u00e9 poss\u00edvel encontrar as principais orienta\u00e7\u00f5es para os participantes do Enem. Os interessados podem conferir os questionamentos mais comuns e os respectivos esclarecimentos.<\/p>\n\n\n\n<h2 class=\"wp-block-heading\">Provas<\/h2>\n\n\n\n<p>O Inep, vinculado ao Minist\u00e9rio da Educa\u00e7\u00e3o (MEC), aplicar\u00e1 as provas em 9 e 16 de novembro, nas 27 unidades da federa\u00e7\u00e3o. <strong>Somente as cidades de Bel\u00e9m, Ananindeua e Marituba, no Par\u00e1, ter\u00e3o o Enem aplicado em 30 de novembro e 7 de dezembro, devido \u00e0 30\u00aa Confer\u00eancia das Na\u00e7\u00f5es Unidas sobre Mudan\u00e7as Clim\u00e1ticas (COP30) no mesmo per\u00edodo.<\/strong><\/p>\n\n\n\n<p><em>Fonte: Ag\u00eancia Brasil<\/em><\/p>\n","protected":false},"excerpt":{"rendered":"<p>O prazo para o pagamento da taxa de inscri\u00e7\u00e3o do Exame Nacional do Ensino M\u00e9dio (Enem) 2025 termina nesta sexta-feira<\/p>\n","protected":false},"author":1,"featured_media":10956,"comment_status":"open","ping_status":"open","sticky":false,"template":"","format":"standard","meta":{"footnotes":""},"categories":[2],"tags":[],"class_list":["post-10955","post","type-post","status-publish","format-standard","has-post-thumbnail","hentry","category-noticias"],"_links":{"self":[{"href":"https:\/\/jornaloalvorada.com.br\/site\/wp-json\/wp\/v2\/posts\/10955","targetHints":{"allow":["GET"]}}],"collection":[{"href":"https:\/\/jornaloalvorada.com.br\/site\/wp-json\/wp\/v2\/posts"}],"about":[{"href":"https:\/\/jornaloalvorada.com.br\/site\/wp-json\/wp\/v2\/types\/post"}],"author":[{"embeddable":true,"href":"https:\/\/jornaloalvorada.com.br\/site\/wp-json\/wp\/v2\/users\/1"}],"replies":[{"embeddable":true,"href":"https:\/\/jornaloalvorada.com.br\/site\/wp-json\/wp\/v2\/comments?post=10955"}],"version-history":[{"count":1,"href":"https:\/\/jornaloalvorada.com.br\/site\/wp-json\/wp\/v2\/posts\/10955\/revisions"}],"predecessor-version":[{"id":10957,"href":"https:\/\/jornaloalvorada.com.br\/site\/wp-json\/wp\/v2\/posts\/10955\/revisions\/10957"}],"wp:featuredmedia":[{"embeddable":true,"href":"https:\/\/jornaloalvorada.com.br\/site\/wp-json\/wp\/v2\/media\/10956"}],"wp:attachment":[{"href":"https:\/\/jornaloalvorada.com.br\/site\/wp-json\/wp\/v2\/media?parent=10955"}],"wp:term":[{"taxonomy":"category","embeddable":true,"href":"https:\/\/jornaloalvorada.com.br\/site\/wp-json\/wp\/v2\/categories?post=10955"},{"taxonomy":"post_tag","embeddable":true,"href":"https:\/\/jornaloalvorada.com.br\/site\/wp-json\/wp\/v2\/tags?post=10955"}],"curies":[{"name":"wp","href":"https:\/\/api.w.org\/{rel}","templated":true}]}}