{"id":10952,"date":"2025-06-25T09:54:51","date_gmt":"2025-06-25T13:54:51","guid":{"rendered":"https:\/\/jornaloalvorada.com.br\/site\/?p=10952"},"modified":"2025-06-25T09:54:54","modified_gmt":"2025-06-25T13:54:54","slug":"corpo-de-turista-brasileira-e-resgatado-de-cratera-na-indonesia","status":"publish","type":"post","link":"https:\/\/jornaloalvorada.com.br\/site\/2025\/06\/25\/corpo-de-turista-brasileira-e-resgatado-de-cratera-na-indonesia\/","title":{"rendered":"Corpo de turista brasileira \u00e9 resgatado de cratera na Indon\u00e9sia"},"content":{"rendered":"\n<p><strong>O corpo de Juliana Marins foi resgatado nesta quarta-feira (25) da cratera do Monte Rinjani pelas equipes de socorro da Indon\u00e9sia. A informa\u00e7\u00e3o foi confirmada pela Ag\u00eancia Nacional de Busca e Resgate (Basarnas), em entrevista a uma emissora de TV local.<\/strong><img decoding=\"async\" src=\"https:\/\/agenciabrasil.ebc.com.br\/ebc.png?id=1648217&amp;o=node\"><img decoding=\"async\" src=\"https:\/\/agenciabrasil.ebc.com.br\/ebc.gif?id=1648217&amp;o=node\"><\/p>\n\n\n\n<p>Brasileira, Juliana fazia uma trilha na borda do vulc\u00e3o quando caiu na cratera e deslizou por centenas de metros, na manh\u00e3 de s\u00e1bado (21). Por conta das condi\u00e7\u00f5es meteorol\u00f3gicas diversas, terreno complicado e problemas na log\u00edstica das opera\u00e7\u00f5es de resgate, Juliana n\u00e3o foi resgatada a tempo.<\/p>\n\n\n\n<p>Apenas na ter\u00e7a-feira (24), um resgatista conseguiu chegar at\u00e9 ela, mas a brasileira j\u00e1 tinha morrido.<\/p>\n\n\n\n<h2 class=\"wp-block-heading\">Homenagem<\/h2>\n\n\n\n<p><strong>O pai de Juliana, Manoel Marins, fez uma homenagem para a filha em suas redes sociais.<\/strong><\/p>\n\n\n\n<p>\u201cNo in\u00edcio deste ano [ela] nos disse que faria esse mochil\u00e3o agora enquanto era jovem e n\u00f3s a apoiamos. Quando lhe perguntei se queria que lhe d\u00e9ssemos algum dinheiro para ajudar na viagem, voc\u00ea nos disse: jamais. E assim voc\u00ea viajou com seus pr\u00f3prios recursos que ganhou como fruto do seu trabalho. E como voc\u00ea estava feliz realizando esse sonho. E como n\u00f3s ficamos felizes com a sua felicidade. Voc\u00ea se foi fazendo o que mais gostava e isso conforta um pouco o nosso cora\u00e7\u00e3o\u201d, finalizou.<\/p>\n\n\n\n<p><strong><em>Fonte: Ag\u00eancia Brasil<\/em><\/strong><\/p>\n","protected":false},"excerpt":{"rendered":"<p>O corpo de Juliana Marins foi resgatado nesta quarta-feira (25) da cratera do Monte Rinjani pelas equipes de socorro da<\/p>\n","protected":false},"author":1,"featured_media":10953,"comment_status":"open","ping_status":"open","sticky":false,"template":"","format":"standard","meta":{"footnotes":""},"categories":[2],"tags":[],"class_list":["post-10952","post","type-post","status-publish","format-standard","has-post-thumbnail","hentry","category-noticias"],"_links":{"self":[{"href":"https:\/\/jornaloalvorada.com.br\/site\/wp-json\/wp\/v2\/posts\/10952","targetHints":{"allow":["GET"]}}],"collection":[{"href":"https:\/\/jornaloalvorada.com.br\/site\/wp-json\/wp\/v2\/posts"}],"about":[{"href":"https:\/\/jornaloalvorada.com.br\/site\/wp-json\/wp\/v2\/types\/post"}],"author":[{"embeddable":true,"href":"https:\/\/jornaloalvorada.com.br\/site\/wp-json\/wp\/v2\/users\/1"}],"replies":[{"embeddable":true,"href":"https:\/\/jornaloalvorada.com.br\/site\/wp-json\/wp\/v2\/comments?post=10952"}],"version-history":[{"count":1,"href":"https:\/\/jornaloalvorada.com.br\/site\/wp-json\/wp\/v2\/posts\/10952\/revisions"}],"predecessor-version":[{"id":10954,"href":"https:\/\/jornaloalvorada.com.br\/site\/wp-json\/wp\/v2\/posts\/10952\/revisions\/10954"}],"wp:featuredmedia":[{"embeddable":true,"href":"https:\/\/jornaloalvorada.com.br\/site\/wp-json\/wp\/v2\/media\/10953"}],"wp:attachment":[{"href":"https:\/\/jornaloalvorada.com.br\/site\/wp-json\/wp\/v2\/media?parent=10952"}],"wp:term":[{"taxonomy":"category","embeddable":true,"href":"https:\/\/jornaloalvorada.com.br\/site\/wp-json\/wp\/v2\/categories?post=10952"},{"taxonomy":"post_tag","embeddable":true,"href":"https:\/\/jornaloalvorada.com.br\/site\/wp-json\/wp\/v2\/tags?post=10952"}],"curies":[{"name":"wp","href":"https:\/\/api.w.org\/{rel}","templated":true}]}}