{"id":10899,"date":"2025-06-18T08:26:54","date_gmt":"2025-06-18T12:26:54","guid":{"rendered":"https:\/\/jornaloalvorada.com.br\/site\/?p=10899"},"modified":"2025-06-18T08:27:05","modified_gmt":"2025-06-18T12:27:05","slug":"articulacao-de-vereadores-garante-r-80-mil-para-a-apae-de-nova-alvorada-do-sul","status":"publish","type":"post","link":"https:\/\/jornaloalvorada.com.br\/site\/2025\/06\/18\/articulacao-de-vereadores-garante-r-80-mil-para-a-apae-de-nova-alvorada-do-sul\/","title":{"rendered":"Articula\u00e7\u00e3o de vereadores garante R$ 80 mil para a Apae de Nova Alvorada do Sul"},"content":{"rendered":"\n<p>A Associa\u00e7\u00e3o de Pais e Amigos dos Excepcionais (Apae) foi contemplada com uma emenda parlamentar no valor de R$ 80 mil. O recurso foi destinado pelo deputado estadual Jamilson Lopes Name (PSDB), <a href=\"https:\/\/alvoradainforma.com.br\/noticia\/1787\/vereadores-de-nova-alvorada-do-sul-buscam-recurso-de-r-100-mil-para-apae\">ap\u00f3s articula\u00e7\u00e3o dos vereadores Rones C\u00e9zar Leal (PSDB) e Roberto Duarte da Silva (Podemos), em conjunto com outras lideran\u00e7as locais<\/a>, como Aliomar M\u00fcller Pereira J\u00fanior, o J\u00fanior Mareco, e Aline Mesquita Pereira Corr\u00eaa.<\/p>\n\n\n\n<p>A verba ficar\u00e1 dispon\u00edvel na conta da institui\u00e7\u00e3o, que atende atualmente cerca de 96 fam\u00edlias. Desse total, 75 pessoas s\u00e3o acompanhadas diretamente na unidade, e outras 21, com defici\u00eancia, s\u00e3o assistidas no programa de emprego apoiado, distribu\u00eddas entre a zona urbana e rural.<\/p>\n\n\n\n<p>Segundo o deputado Jamilson Name, o repasse busca refor\u00e7ar os servi\u00e7os prestados pela Apae. \u201cNosso mandato tem o compromisso de estar sempre atento \u00e0s necessidades dos munic\u00edpios. Sabemos que investir na sa\u00fade \u00e9 investir na vida, e esses recursos v\u00e3o ajudar no custeio dos atendimentos, consultas, exames e na manuten\u00e7\u00e3o dos servi\u00e7os essenciais que impactam diretamente a vida das pessoas\u201d, afirmou.<\/p>\n\n\n\n<p><strong><em>Fonte: Alvorada Informa<\/em><\/strong><\/p>\n","protected":false},"excerpt":{"rendered":"<p>A Associa\u00e7\u00e3o de Pais e Amigos dos Excepcionais (Apae) foi contemplada com uma emenda parlamentar no valor de R$ 80<\/p>\n","protected":false},"author":1,"featured_media":10900,"comment_status":"open","ping_status":"open","sticky":false,"template":"","format":"standard","meta":{"footnotes":""},"categories":[2],"tags":[],"class_list":["post-10899","post","type-post","status-publish","format-standard","has-post-thumbnail","hentry","category-noticias"],"_links":{"self":[{"href":"https:\/\/jornaloalvorada.com.br\/site\/wp-json\/wp\/v2\/posts\/10899","targetHints":{"allow":["GET"]}}],"collection":[{"href":"https:\/\/jornaloalvorada.com.br\/site\/wp-json\/wp\/v2\/posts"}],"about":[{"href":"https:\/\/jornaloalvorada.com.br\/site\/wp-json\/wp\/v2\/types\/post"}],"author":[{"embeddable":true,"href":"https:\/\/jornaloalvorada.com.br\/site\/wp-json\/wp\/v2\/users\/1"}],"replies":[{"embeddable":true,"href":"https:\/\/jornaloalvorada.com.br\/site\/wp-json\/wp\/v2\/comments?post=10899"}],"version-history":[{"count":1,"href":"https:\/\/jornaloalvorada.com.br\/site\/wp-json\/wp\/v2\/posts\/10899\/revisions"}],"predecessor-version":[{"id":10901,"href":"https:\/\/jornaloalvorada.com.br\/site\/wp-json\/wp\/v2\/posts\/10899\/revisions\/10901"}],"wp:featuredmedia":[{"embeddable":true,"href":"https:\/\/jornaloalvorada.com.br\/site\/wp-json\/wp\/v2\/media\/10900"}],"wp:attachment":[{"href":"https:\/\/jornaloalvorada.com.br\/site\/wp-json\/wp\/v2\/media?parent=10899"}],"wp:term":[{"taxonomy":"category","embeddable":true,"href":"https:\/\/jornaloalvorada.com.br\/site\/wp-json\/wp\/v2\/categories?post=10899"},{"taxonomy":"post_tag","embeddable":true,"href":"https:\/\/jornaloalvorada.com.br\/site\/wp-json\/wp\/v2\/tags?post=10899"}],"curies":[{"name":"wp","href":"https:\/\/api.w.org\/{rel}","templated":true}]}}