{"id":10892,"date":"2025-06-16T08:11:35","date_gmt":"2025-06-16T12:11:35","guid":{"rendered":"https:\/\/jornaloalvorada.com.br\/site\/?p=10892"},"modified":"2025-06-16T08:11:36","modified_gmt":"2025-06-16T12:11:36","slug":"israel-diz-ter-atacado-centros-de-comando-da-forca-quds-em-teera","status":"publish","type":"post","link":"https:\/\/jornaloalvorada.com.br\/site\/2025\/06\/16\/israel-diz-ter-atacado-centros-de-comando-da-forca-quds-em-teera\/","title":{"rendered":"Israel diz ter atacado centros de comando da For\u00e7a Quds em Teer\u00e3"},"content":{"rendered":"\n<p>As <a href=\"https:\/\/www.idf.il\/en\/\">FDI<\/a> (For\u00e7as de Defesa de Israel) afirmaram nesta 2\u00aa feira (16.jun.2025) que atacaram centros de comando da <a href=\"https:\/\/www.britannica.com\/topic\/Quds-Force\" target=\"_blank\" rel=\"noreferrer noopener\">For\u00e7a Quds<\/a>, a unidade de elite da Guarda Revolucion\u00e1ria do Ir\u00e3, durante o 4\u00ba dia de ataques entre os 2 pa\u00edses. O conflito teve in\u00edcio na 6\u00aa feira (13.jun), no hor\u00e1rio local, quando Israel realizou seus primeiros <a href=\"https:\/\/www.poder360.com.br\/poder-internacional\/israel-ataca-instalacoes-nucleares-e-de-misseis-do-ira\/\">ataques contra instala\u00e7\u00f5es nucleares iranianas<\/a>.<\/p>\n\n\n\n<p>Em publica\u00e7\u00e3o no <a href=\"https:\/\/t.me\/idfofficial\/14630\" target=\"_blank\" rel=\"noreferrer noopener\">Telegram<\/a>, o Ex\u00e9rcito israelense disse que o ataque aos centros de comando se justifica porque \u201c<em>operativos da Quds planejavam ataques terroristas contra o Estado de Israel usando os representantes do regime iraniano no Oriente M\u00e9dio\u201d<\/em>.<\/p>\n\n\n\n<p>A For\u00e7a Quds, alvo dos ataques israelenses, \u00e9 uma unidade dentro da Guarda Revolucion\u00e1ria formada durante a guerra Ir\u00e3-Iraque na d\u00e9cada de 1980 como sua unidade de intelig\u00eancia especial. Ela desempenha papel central nas rela\u00e7\u00f5es do Ir\u00e3 com grupos armados no Afeganist\u00e3o, Iraque, L\u00edbano, S\u00edria e na Faixa de Gaza, incluindo o Hezbollah e o Hamas.<\/p>\n\n\n\n<p>Os ataques de Israel j\u00e1 resultaram na <a href=\"https:\/\/www.poder360.com.br\/poder-internacional\/ataque-de-israel-mata-chefe-da-guarda-revolucionaria-do-ira\/\">morte de Hossein Salami<\/a>, comandante da Guarda Revolucion\u00e1ria do Ir\u00e3, que foi substitu\u00eddo pelo general Ahmed Vahidi. Desde 6\u00aa feira (13.jun), ambos os pa\u00edses t\u00eam escalado as ofensivas, aumentando preocupa\u00e7\u00f5es sobre um poss\u00edvel conflito regional mais amplo.<\/p>\n\n\n\n<p>O Ir\u00e3 afirmou no domingo (15.jun) que <a href=\"https:\/\/www.poder360.com.br\/poder-internacional\/israel-atinge-refinarias-e-ministerio-do-ira-em-nova-onda-de-ataques\/\">Israel atacou refinarias de petr\u00f3leo<\/a>, matou o chefe de intelig\u00eancia da Guarda Revolucion\u00e1ria e atingiu \u00e1reas civis. Em resposta, o Ir\u00e3 lan\u00e7ou uma <a href=\"https:\/\/www.poder360.com.br\/poder-internacional\/israel-intercepta-drones-e-bombardeia-infraestrutura-do-ira\/\" target=\"_blank\" rel=\"noreferrer noopener\">nova onda de ataques com m\u00edsseis<\/a> contra Israel na madrugada desta 2\u00aa feira (16.jun), o que acionou sirenes de ataque a\u00e9reo em diversas regi\u00f5es do pa\u00eds.<\/p>\n\n\n\n<p>Os ataques iranianos atingiram v\u00e1rias \u00e1reas de Israel, incluindo Tel Aviv. Explos\u00f5es foram registradas na cidade costeira, provavelmente resultantes da intercepta\u00e7\u00e3o de m\u00edsseis iranianos pelos sistemas de defesa israelenses. Colunas de fuma\u00e7a foram observadas sobre a cidade pouco antes do amanhecer.<\/p>\n\n\n\n<p>O Minist\u00e9rio da Sa\u00fade do Ir\u00e3 informou que 224 pessoas foram mortas desde o in\u00edcio dos ataques israelenses. O porta-voz <a href=\"https:\/\/x.com\/HKermanpour\">Hossein Kermanpour<\/a> declarou em seu perfil no X (ex-Twitter) que 1.277 pessoas foram hospitalizadas, afirmando que mais de 90% das v\u00edtimas eram civis. Israel reportou 14 mortos e 390 feridos em seu territ\u00f3rio desde 6\u00aa feira (13.jun), segundo a ag\u00eancia de not\u00edcias <em><a href=\"https:\/\/apnews.com\/article\/israel-palestinians-iran-war-latest-06-16-2025-8633d291e79806ac498645ee04e059be\">Associated Press<\/a><\/em>.<\/p>\n\n\n\n<figure class=\"wp-block-image\"><img decoding=\"async\" src=\"https:\/\/static.poder360.com.br\/2025\/06\/hossein-kermanpour-tweet-15jun2025.jpg\" alt=\"Porta-voz iraniano Hossein Kermanpour \"\/><\/figure>\n\n\n\n<p>Como se trata de uma guerra, n\u00e3o h\u00e1 como verificar esses n\u00fameros de forma independente. O <strong>Poder360<\/strong> divulga os dados fornecidos por ambos os lados.<\/p>\n\n\n\n<p>O Consulado dos EUA em Tel Aviv sofreu danos menores causados pela queda de um m\u00edssil iraniano nas proximidades, segundo o embaixador dos EUA, <a href=\"https:\/\/x.com\/USAmbIsrael\">Mike Huckabee<\/a>. Ele informou que <a href=\"https:\/\/x.com\/GovMikeHuckabee\/status\/1934469083111580146\">n\u00e3o houve feridos<\/a> entre o pessoal norte-americano. O consulado em Tel Aviv e a embaixada em Jerusal\u00e9m permanecem fechados durante o dia como medida de precau\u00e7\u00e3o.<\/p>\n\n\n\n<figure class=\"wp-block-image\"><img decoding=\"async\" src=\"https:\/\/static.poder360.com.br\/2025\/06\/huckabee-tweet-16jun2025.jpg\" alt=\"Embaixador dos EUA em Israel publica atualiza\u00e7\u00f5es no terreno\"\/><\/figure>\n\n\n\n<p>A chefe da diplomacia da <a href=\"https:\/\/european-union.europa.eu\/index_en\">UE<\/a> (Uni\u00e3o Europeia) convocar\u00e1 uma reuni\u00e3o de emerg\u00eancia dos ministros das Rela\u00e7\u00f5es Exteriores do bloco para 3\u00aa feira (17.jun). O encontro, que ser\u00e1 realizado por videoconfer\u00eancia, \u201c<em>proporcionar\u00e1 uma oportunidade para uma troca de pontos de vista, coordena\u00e7\u00e3o de contatos diplom\u00e1ticos com Tel Aviv e Teer\u00e3, e poss\u00edveis pr\u00f3ximos passos\u201d,<\/em> segundo informou o gabinete da chefe de pol\u00edtica externa da UE, <a href=\"https:\/\/x.com\/kajakallas\">Kaja Kallas<\/a>, no domingo (15.jun).<\/p>\n\n\n\n<p>Ainda n\u00e3o se sabe quais ser\u00e3o os resultados da reuni\u00e3o da UE e se novas medidas diplom\u00e1ticas ser\u00e3o adotadas para conter a escalada do conflito.<\/p>\n\n\n\n<p>Uma autoridade norte-americana revelou que o presidente dos EUA, <a href=\"https:\/\/x.com\/realDonaldTrump\">Donald Trump<\/a> (Partido Republicano), <a href=\"https:\/\/www.poder360.com.br\/poder-internacional\/trump-veta-plano-de-israel-para-matar-lider-do-ira\/\">vetou um plano<\/a> apresentado por Israel ao governo do pa\u00eds para matar o l\u00edder supremo do Ir\u00e3, o aiatol\u00e1 <a href=\"https:\/\/x.com\/khamenei_ir\">Ali Khamenei<\/a>. Segundo a fonte, que falou sob condi\u00e7\u00e3o de anonimato \u00e0 <em><a href=\"https:\/\/www.reuters.com\/world\/middle-east\/trump-vetoed-an-israeli-plan-kill-irans-supreme-leader-us-officials-say-2025-06-15\/\">Reuters<\/a><\/em>, os israelenses informaram a gest\u00e3o Trump nos \u00faltimos dias sobre um plano para assassinar o l\u00edder iraniano.<\/p>\n\n\n\n<p>A <a href=\"https:\/\/www.whitehouse.gov\/\">Casa Branca<\/a> deixou claro que era contr\u00e1ria \u00e0 execu\u00e7\u00e3o da opera\u00e7\u00e3o. A administra\u00e7\u00e3o considerou que tal a\u00e7\u00e3o poderia inflamar o conflito e desestabilizar a regi\u00e3o.<\/p>\n\n\n\n<p><strong><em>Fonte: Poder360<\/em><\/strong><\/p>\n","protected":false},"excerpt":{"rendered":"<p>As FDI (For\u00e7as de Defesa de Israel) afirmaram nesta 2\u00aa feira (16.jun.2025) que atacaram centros de comando da For\u00e7a Quds,<\/p>\n","protected":false},"author":1,"featured_media":10893,"comment_status":"open","ping_status":"open","sticky":false,"template":"","format":"standard","meta":{"footnotes":""},"categories":[2],"tags":[],"class_list":["post-10892","post","type-post","status-publish","format-standard","has-post-thumbnail","hentry","category-noticias"],"_links":{"self":[{"href":"https:\/\/jornaloalvorada.com.br\/site\/wp-json\/wp\/v2\/posts\/10892","targetHints":{"allow":["GET"]}}],"collection":[{"href":"https:\/\/jornaloalvorada.com.br\/site\/wp-json\/wp\/v2\/posts"}],"about":[{"href":"https:\/\/jornaloalvorada.com.br\/site\/wp-json\/wp\/v2\/types\/post"}],"author":[{"embeddable":true,"href":"https:\/\/jornaloalvorada.com.br\/site\/wp-json\/wp\/v2\/users\/1"}],"replies":[{"embeddable":true,"href":"https:\/\/jornaloalvorada.com.br\/site\/wp-json\/wp\/v2\/comments?post=10892"}],"version-history":[{"count":1,"href":"https:\/\/jornaloalvorada.com.br\/site\/wp-json\/wp\/v2\/posts\/10892\/revisions"}],"predecessor-version":[{"id":10894,"href":"https:\/\/jornaloalvorada.com.br\/site\/wp-json\/wp\/v2\/posts\/10892\/revisions\/10894"}],"wp:featuredmedia":[{"embeddable":true,"href":"https:\/\/jornaloalvorada.com.br\/site\/wp-json\/wp\/v2\/media\/10893"}],"wp:attachment":[{"href":"https:\/\/jornaloalvorada.com.br\/site\/wp-json\/wp\/v2\/media?parent=10892"}],"wp:term":[{"taxonomy":"category","embeddable":true,"href":"https:\/\/jornaloalvorada.com.br\/site\/wp-json\/wp\/v2\/categories?post=10892"},{"taxonomy":"post_tag","embeddable":true,"href":"https:\/\/jornaloalvorada.com.br\/site\/wp-json\/wp\/v2\/tags?post=10892"}],"curies":[{"name":"wp","href":"https:\/\/api.w.org\/{rel}","templated":true}]}}