{"id":10839,"date":"2025-06-10T13:28:38","date_gmt":"2025-06-10T17:28:38","guid":{"rendered":"https:\/\/jornaloalvorada.com.br\/site\/?p=10839"},"modified":"2025-06-10T13:28:39","modified_gmt":"2025-06-10T17:28:39","slug":"morre-aos-84-anos-o-advogado-dr-linneu-pioneiro-em-rio-brilhante-ms-e-primeiro-professor-de-direito-da-unigran","status":"publish","type":"post","link":"https:\/\/jornaloalvorada.com.br\/site\/2025\/06\/10\/morre-aos-84-anos-o-advogado-dr-linneu-pioneiro-em-rio-brilhante-ms-e-primeiro-professor-de-direito-da-unigran\/","title":{"rendered":"Morre aos 84 anos o advogado Dr. Linneu, pioneiro em Rio Brilhante-MS e primeiro professor de Direito da Unigran"},"content":{"rendered":"\n<p>\u00c9 com profundo pesar que Rio Brilhante-MS se despede de uma de suas figuras mais ilustres e respeitadas: o advogado Dr. Linneu, que faleceu na manh\u00e3 desta ter\u00e7a feira (10), aos 84 anos. Ele completaria 85 no pr\u00f3ximo dia 3 de julho.<\/p>\n\n\n\n<p>Dr. Linneu estava internado h\u00e1 22 dias na UTI, lutando contra uma pneumonia. Nesta manh\u00e3, de ter\u00e7a-feira 10 de junho, sofreu uma queda de press\u00e3o que n\u00e3o p\u00f4de ser estabilizada, vindo a sofrer uma parada card\u00edaca. Infelizmente, apesar dos esfor\u00e7os m\u00e9dicos, ele n\u00e3o resistiu.<\/p>\n\n\n\n<p>Reconhecido como um dos pioneiros de Rio Brilhante, Dr. Linneu construiu uma trajet\u00f3ria de dedica\u00e7\u00e3o \u00e0 justi\u00e7a, \u00e0 educa\u00e7\u00e3o e \u00e0 comunidade. Foi o primeiro professor de Direito da Faculdade Unigran, contribuindo decisivamente para a forma\u00e7\u00e3o de gera\u00e7\u00f5es de profissionais do Direito e ajudando a consolidar o ensino superior na regi\u00e3o.<\/p>\n\n\n\n<p>A not\u00edcia de sua partida entristece familiares, amigos, ex-alunos e toda a popula\u00e7\u00e3o que teve o privil\u00e9gio de conviver com sua sabedoria, \u00e9tica e humanidade.<\/p>\n\n\n\n<p>\u201cDia triste, onde temos que buscar na f\u00e9 o conforto que s\u00f3 Deus pode nos dar. Quero agradecer a todas as ora\u00e7\u00f5es e ao apoio neste momento t\u00e3o dif\u00edcil\u201d, declarou um familiar.<\/p>\n\n\n\n<p>Ainda n\u00e3o h\u00e1 informa\u00e7\u00f5es confirmadas sobre o vel\u00f3rio e o sepultamento. Assim que os detalhes forem divulgados, a comunidade ser\u00e1 informada.<\/p>\n\n\n\n<p>Dr. Linneu deixa um legado de conhecimento, integridade e contribui\u00e7\u00e3o inestim\u00e1vel para o munic\u00edpio de Rio Brilhante e para o Direito em Mato Grosso do Sul. Seu exemplo seguir\u00e1 vivo na mem\u00f3ria e nos cora\u00e7\u00f5es de todos que o conheceram.<\/p>\n","protected":false},"excerpt":{"rendered":"<p>\u00c9 com profundo pesar que Rio Brilhante-MS se despede de uma de suas figuras mais ilustres e respeitadas: o advogado<\/p>\n","protected":false},"author":1,"featured_media":10840,"comment_status":"open","ping_status":"open","sticky":false,"template":"","format":"standard","meta":{"footnotes":""},"categories":[2],"tags":[],"class_list":["post-10839","post","type-post","status-publish","format-standard","has-post-thumbnail","hentry","category-noticias"],"_links":{"self":[{"href":"https:\/\/jornaloalvorada.com.br\/site\/wp-json\/wp\/v2\/posts\/10839","targetHints":{"allow":["GET"]}}],"collection":[{"href":"https:\/\/jornaloalvorada.com.br\/site\/wp-json\/wp\/v2\/posts"}],"about":[{"href":"https:\/\/jornaloalvorada.com.br\/site\/wp-json\/wp\/v2\/types\/post"}],"author":[{"embeddable":true,"href":"https:\/\/jornaloalvorada.com.br\/site\/wp-json\/wp\/v2\/users\/1"}],"replies":[{"embeddable":true,"href":"https:\/\/jornaloalvorada.com.br\/site\/wp-json\/wp\/v2\/comments?post=10839"}],"version-history":[{"count":1,"href":"https:\/\/jornaloalvorada.com.br\/site\/wp-json\/wp\/v2\/posts\/10839\/revisions"}],"predecessor-version":[{"id":10841,"href":"https:\/\/jornaloalvorada.com.br\/site\/wp-json\/wp\/v2\/posts\/10839\/revisions\/10841"}],"wp:featuredmedia":[{"embeddable":true,"href":"https:\/\/jornaloalvorada.com.br\/site\/wp-json\/wp\/v2\/media\/10840"}],"wp:attachment":[{"href":"https:\/\/jornaloalvorada.com.br\/site\/wp-json\/wp\/v2\/media?parent=10839"}],"wp:term":[{"taxonomy":"category","embeddable":true,"href":"https:\/\/jornaloalvorada.com.br\/site\/wp-json\/wp\/v2\/categories?post=10839"},{"taxonomy":"post_tag","embeddable":true,"href":"https:\/\/jornaloalvorada.com.br\/site\/wp-json\/wp\/v2\/tags?post=10839"}],"curies":[{"name":"wp","href":"https:\/\/api.w.org\/{rel}","templated":true}]}}