{"id":10831,"date":"2025-06-09T14:44:10","date_gmt":"2025-06-09T18:44:10","guid":{"rendered":"https:\/\/jornaloalvorada.com.br\/site\/?p=10831"},"modified":"2025-06-09T14:44:12","modified_gmt":"2025-06-09T18:44:12","slug":"ms-completa-10-anos-sem-casos-de-febre-amarela-humana-e-mantem-alerta-com-vacinacao","status":"publish","type":"post","link":"https:\/\/jornaloalvorada.com.br\/site\/2025\/06\/09\/ms-completa-10-anos-sem-casos-de-febre-amarela-humana-e-mantem-alerta-com-vacinacao\/","title":{"rendered":"MS completa 10 anos sem casos de febre amarela humana e mant\u00e9m alerta com vacina\u00e7\u00e3o"},"content":{"rendered":"\n<p>Mato Grosso do Sul segue sem registrar casos confirmados de febre amarela humana desde 2015, mesmo diante do aumento da circula\u00e7\u00e3o do v\u00edrus no pa\u00eds em 2025. No mesmo per\u00edodo, o estado avan\u00e7ou na cobertura vacinal, alcan\u00e7ando 86% em 2024 \u2014 o melhor \u00edndice dos \u00faltimos cinco anos, embora ainda abaixo da meta de 90% estabelecida pelo Minist\u00e9rio da Sa\u00fade.<\/p>\n\n\n\n<p>De 2020 at\u00e9 maio deste ano, 42 casos suspeitos da doen\u00e7a foram notificados em 20 munic\u00edpios sul-mato-grossenses, todos descartados ap\u00f3s investiga\u00e7\u00e3o laboratorial. \u201cEsse monitoramento cont\u00ednuo \u00e9 fundamental para manter o controle da doen\u00e7a no estado\u201d, explica a gerente de Doen\u00e7as End\u00eamicas da SES (Secretaria de Estado de Sa\u00fade), J\u00e9ssica Klener. Ela destaca ainda a import\u00e2ncia da vigil\u00e2ncia ativa, principalmente em regi\u00f5es de fronteira, como Corumb\u00e1 e Ponta Por\u00e3.<\/p>\n\n\n\n<p>A febre amarela voltou a acender o alerta nacional em 2025, com mais de 220 casos confirmados e 89 mortes nas Am\u00e9ricas at\u00e9 o fim de maio \u2014 um aumento de mais de 800% em rela\u00e7\u00e3o ao ano anterior. Segundo a Opas (Organiza\u00e7\u00e3o Pan-Americana da Sa\u00fade), quase todos os infectados neste ano de 2025 e no anterior n\u00e3o estavam vacinados. Diante desse cen\u00e1rio, o refor\u00e7o da vacina\u00e7\u00e3o \u00e9 uma das principais estrat\u00e9gias de preven\u00e7\u00e3o.<\/p>\n\n\n<div class=\"wp-block-image\">\n<figure class=\"aligncenter is-resized\" id=\"attachment_512224\"><img decoding=\"async\" src=\"https:\/\/agenciadenoticias.ms.gov.br\/wp-content\/uploads\/2025\/06\/Ponto-de-Vacinacao-no-Bombeiros-Foto-Bruno-Rezende-09-300x200-1.jpg\" alt=\"\" class=\"wp-image-512224\" style=\"width:704px;height:auto\"\/><figcaption class=\"wp-element-caption\">Foto: Bruno Rezende.<\/figcaption><\/figure>\n<\/div>\n\n\n<p>&nbsp;\u201cA vacina \u00e9 segura, gratuita e a principal forma de prote\u00e7\u00e3o contra a febre amarela. Temos avan\u00e7ado na cobertura, mas ainda precisamos atingir a meta e manter a popula\u00e7\u00e3o protegida\u201d, refor\u00e7a Frederico Moraes, gerente de Imuniza\u00e7\u00e3o da SES.<\/p>\n\n\n\n<p>A vacina \u00e9 recomendada para pessoas de 9 meses a 59 anos. Quem ainda n\u00e3o se vacinou deve procurar a unidade b\u00e1sica de sa\u00fade mais pr\u00f3xima para atualizar a caderneta, conforme o calend\u00e1rio do PNI (Programa Nacional de Imuniza\u00e7\u00f5es).<\/p>\n\n\n\n<p>Al\u00e9m da imuniza\u00e7\u00e3o, a SES mant\u00e9m a\u00e7\u00f5es de vigil\u00e2ncia entomol\u00f3gica, monitoramento de epizootias (morte de primatas n\u00e3o humanos) e orienta\u00e7\u00e3o permanente aos munic\u00edpios para notifica\u00e7\u00e3o imediata de suspeitas, considerando que a vacina\u00e7\u00e3o garante imunidade vital\u00edcia, sendo um dos pr\u00e9-requisitos para casos suspeitos a n\u00e3o vacina\u00e7\u00e3o.<\/p>\n\n\n\n<p>&nbsp;\u201cA educa\u00e7\u00e3o em sa\u00fade \u00e9 uma das estrat\u00e9gias mais eficazes para promover a preven\u00e7\u00e3o, fortalecer a autonomia da popula\u00e7\u00e3o e construir comunidades mais conscientes e resilientes diante das amea\u00e7as \u00e0 sa\u00fade coletiva\u201d, enfatiza a Coordenadora de Sa\u00fade \u00danica da SES, Danila Frias.<\/p>\n\n\n\n<p>\u201cAcreditamos que a educa\u00e7\u00e3o \u00e9 uma ferramenta essencial na preven\u00e7\u00e3o de doen\u00e7as como a febre amarela. Por isso, desenvolvemos materiais instrutivos, que t\u00eam sido fundamentais para levar informa\u00e7\u00e3o clara \u00e0 popula\u00e7\u00e3o e combater mitos, como a ideia equivocada de que os primatas transmitem a doen\u00e7a. Nosso objetivo \u00e9 fortalecer a consci\u00eancia coletiva de que a verdadeira prote\u00e7\u00e3o est\u00e1 na vacina\u201d, completa.<\/p>\n\n\n\n<p>Febre Amarela (FA) \u00e9 uma doen\u00e7a infecciosa febril aguda, transmitida por mosquitos, com dois ciclos de transmiss\u00e3o: silvestre (vetores: <em>Haemagogus e Sabethes<\/em>) e urbano (<em>Aedes aegypti e Aedes albopictus<\/em>). Os sintomas incluem febre de in\u00edcio s\u00fabito, dores no corpo, calafrios, dor de cabe\u00e7a, dores nas costas, n\u00e1useas e v\u00f4mitos, fadiga, fraqueza e, nos casos mais graves, podem evoluir para complica\u00e7\u00f5es fatais.<\/p>\n\n\n\n<p>Ao perceber esses sinais, \u00e9 preciso procurar imediatamente a Unidade B\u00e1sica de Sa\u00fade mais pr\u00f3xima para avalia\u00e7\u00e3o do quadro cl\u00ednico e tratamento adequado.<\/p>\n\n\n\n<p><strong>Monitoramento constante<\/strong><\/p>\n\n\n\n<p>No ciclo silvestre da febre amarela, os PNH (Primatas N\u00e3o Humanos) s\u00e3o considerados como sentinelas, ou seja, o adoecimento ou morte desses animais podem estar relacionados com a circula\u00e7\u00e3o do v\u00edrus da febre amarela em \u00e1reas silvestres. Considera-se o PNH doente, o animal que apresenta movimenta\u00e7\u00e3o lenta, segrega\u00e7\u00e3o do grupo, ou imobilidade no solo, perda de apetite, desnutri\u00e7\u00e3o, desidrata\u00e7\u00e3o, entre outro<em>s.<\/em><\/p>\n\n\n\n<p>O comportamento anormal ou \u00f3bito destes animais deve ser imediatamente comunicado \u00e0s autoridades sanit\u00e1rias, para subsidiar a investiga\u00e7\u00e3o e tomada de decis\u00f5es de preven\u00e7\u00e3o e controle.<\/p>\n\n\n\n<p>\u201cO objetivo da vigil\u00e2ncia epidemiol\u00f3gica \u00e9 detectar antecipadamente a presen\u00e7a do v\u00edrus, aplicando as medidas de preven\u00e7\u00e3o e controle, reduzindo a transmiss\u00e3o da febre amarela silvestre e urbana\u201d, finaliza a respons\u00e1vel pela Ger\u00eancia de Zoonoses da Ses, Melissa Amin.<\/p>\n\n\n\n<p><em>Dan\u00fabia Burema, Comunica\u00e7\u00e3o SES<\/em><br><em>Foto capa: Ag\u00eancia Brasil<\/em><\/p>\n","protected":false},"excerpt":{"rendered":"<p>Mato Grosso do Sul segue sem registrar casos confirmados de febre amarela humana desde 2015, mesmo diante do aumento da<\/p>\n","protected":false},"author":1,"featured_media":10832,"comment_status":"open","ping_status":"open","sticky":false,"template":"","format":"standard","meta":{"footnotes":""},"categories":[2],"tags":[],"class_list":["post-10831","post","type-post","status-publish","format-standard","has-post-thumbnail","hentry","category-noticias"],"_links":{"self":[{"href":"https:\/\/jornaloalvorada.com.br\/site\/wp-json\/wp\/v2\/posts\/10831","targetHints":{"allow":["GET"]}}],"collection":[{"href":"https:\/\/jornaloalvorada.com.br\/site\/wp-json\/wp\/v2\/posts"}],"about":[{"href":"https:\/\/jornaloalvorada.com.br\/site\/wp-json\/wp\/v2\/types\/post"}],"author":[{"embeddable":true,"href":"https:\/\/jornaloalvorada.com.br\/site\/wp-json\/wp\/v2\/users\/1"}],"replies":[{"embeddable":true,"href":"https:\/\/jornaloalvorada.com.br\/site\/wp-json\/wp\/v2\/comments?post=10831"}],"version-history":[{"count":1,"href":"https:\/\/jornaloalvorada.com.br\/site\/wp-json\/wp\/v2\/posts\/10831\/revisions"}],"predecessor-version":[{"id":10833,"href":"https:\/\/jornaloalvorada.com.br\/site\/wp-json\/wp\/v2\/posts\/10831\/revisions\/10833"}],"wp:featuredmedia":[{"embeddable":true,"href":"https:\/\/jornaloalvorada.com.br\/site\/wp-json\/wp\/v2\/media\/10832"}],"wp:attachment":[{"href":"https:\/\/jornaloalvorada.com.br\/site\/wp-json\/wp\/v2\/media?parent=10831"}],"wp:term":[{"taxonomy":"category","embeddable":true,"href":"https:\/\/jornaloalvorada.com.br\/site\/wp-json\/wp\/v2\/categories?post=10831"},{"taxonomy":"post_tag","embeddable":true,"href":"https:\/\/jornaloalvorada.com.br\/site\/wp-json\/wp\/v2\/tags?post=10831"}],"curies":[{"name":"wp","href":"https:\/\/api.w.org\/{rel}","templated":true}]}}