{"id":10827,"date":"2025-06-09T14:42:38","date_gmt":"2025-06-09T18:42:38","guid":{"rendered":"https:\/\/jornaloalvorada.com.br\/site\/?p=10827"},"modified":"2025-06-09T14:42:39","modified_gmt":"2025-06-09T18:42:39","slug":"com-obras-em-infraestrutura-nova-alvorada-do-sul-busca-se-tornar-centro-logistico-de-destaque-em-ms","status":"publish","type":"post","link":"https:\/\/jornaloalvorada.com.br\/site\/2025\/06\/09\/com-obras-em-infraestrutura-nova-alvorada-do-sul-busca-se-tornar-centro-logistico-de-destaque-em-ms\/","title":{"rendered":"Com obras em infraestrutura, Nova Alvorada do Sul busca se tornar centro log\u00edstico de destaque em MS"},"content":{"rendered":"\n<p>Com apoio e parceria do Governo do Estado, o munic\u00edpio de Nova Alvorada do Sul tem objetivo de se tornar importante centro log\u00edstico dentro do Mato Grosso do Sul. Em busca desta posi\u00e7\u00e3o de destaque recebe grandes investimentos estaduais em infraestrutura, principalmente em restaura\u00e7\u00e3o de vias p\u00fablicas e pavimenta\u00e7\u00e3o da cidade.<\/p>\n\n\n\n<p>O governador Eduardo Riedel recebeu nesta segunda-feira (9) as principais lideran\u00e7as da cidade para reuni\u00e3o do programa MS Ativo, onde foram elencadas as prioridades aos novos investimentos. No encontro ficou acordado a pavimenta\u00e7\u00e3o e drenagem de diversas ruas do bairro Maria de Lourdes.<\/p>\n\n\n\n<p>\u201cNotamos aqui um munic\u00edpio unido em prol dos interesses de Nova Alvorada. Isto faz a diferen\u00e7a na hora de aprovar projetos que v\u00e3o favorecer a popula\u00e7\u00e3o. O munic\u00edpio mostra que tem vis\u00e3o a longo prazo e a pavimenta\u00e7\u00e3o de bairros \u00e9 uma das prioridades. Os investimentos em infraestrutura ajudam a cidade a crescer e se desenvolver\u201d, afirmou o governador.<\/p>\n\n\n\n<p>Riedel citou a localiza\u00e7\u00e3o da cidade, que tem uma posi\u00e7\u00e3o como \u201ccentro log\u00edstico\u201d do Estado, onde passam rodovias importantes como BR-163 e BR-267. \u201cAo longo do tempo constru\u00edmos uma gest\u00e3o municipalista, que traz investimentos n\u00e3o apenas para as obras, mas em diversos setores. Isto reflete na economia regional\u201d.<\/p>\n\n\n\n<figure class=\"wp-block-image\"><a href=\"https:\/\/agenciadenoticias.ms.gov.br\/wp-content\/uploads\/2025\/06\/Reuniao-Municipalismo-NOVA-ALVORADA-DO-SUL-MS-Foto-Bruno-Rezende-scaled.jpg\"><img decoding=\"async\" src=\"https:\/\/agenciadenoticias.ms.gov.br\/wp-content\/uploads\/2025\/06\/Reuniao-Municipalismo-NOVA-ALVORADA-DO-SUL-MS-Foto-Bruno-Rezende-1024x683.jpg\" alt=\"\"\/><\/a><\/figure>\n\n\n\n<figure class=\"wp-block-image\"><a href=\"https:\/\/agenciadenoticias.ms.gov.br\/wp-content\/uploads\/2025\/06\/Reuniao-Municipalismo-NOVA-ALVORADA-DO-SUL-MS-Foto-Bruno-Rezende-02-scaled.jpg\"><img decoding=\"async\" src=\"https:\/\/agenciadenoticias.ms.gov.br\/wp-content\/uploads\/2025\/06\/Reuniao-Municipalismo-NOVA-ALVORADA-DO-SUL-MS-Foto-Bruno-Rezende-02-1024x683.jpg\" alt=\"\"\/><\/a><\/figure>\n\n\n\n<p>O prefeito de Nova Alvorada, Jos\u00e9 Paulo Paleari, reafirmou a parceria com o Governo e destacou que o munic\u00edpio \u00e9 estrat\u00e9gico para o Estado na \u00e1rea log\u00edstica, assim como no setor sucroalcooleiro, por isso a necessidade de receber grandes investimentos em infraestrutura.<\/p>\n\n\n\n<p>\u201cSomos um centro log\u00edstico que traz muitas vantagens ao Estado. Estamos recebendo inclusive grandes investimentos privados em diferentes setores (etanol, placas solares), por isto precisamos de um suporte para este crescimento. Vamos dar mais este passo na pavimenta\u00e7\u00e3o, tendo objetivo de chegar a 100% nos pr\u00f3ximos anos\u201d.<\/p>\n\n\n\n<p>Al\u00e9m da nova pavimenta\u00e7\u00e3o acordada (Maria de Lourdes), outras obras j\u00e1 estavam previstas na cidade como restaura\u00e7\u00e3o das avenidas Jofre e Irineu, asfalto no distrito de Pana, pavimenta\u00e7\u00e3o em ruas do bairro H\u00e9lio Fernando e amplia\u00e7\u00e3o e reforma da Escola Estadual Delfina Nogueira de Souza. Para habita\u00e7\u00e3o ser\u00e3o constru\u00eddos 50 lotes urbanizado no Loteamento Gilberto Mendes Odorizzio.<\/p>\n\n\n\n<p>Tamb\u00e9m participaram da reuni\u00e3o os deputados federais Beto Pereira, Luiz Ovando e Geraldo Resende, os deputados estaduais Z\u00e9 Teixeira, Londres Machado, Rinaldo Modesto, Mara Caseiro, Paulo Corr\u00eaa, Pedro Pedrossian Neto, Coronel David e M\u00e1rcio Fernandes, al\u00e9m do secret\u00e1rio da Casa Civil, Eduardo Rocha.<\/p>\n\n\n\n<figure class=\"wp-block-image\" id=\"attachment_512866\"><a href=\"https:\/\/agenciadenoticias.ms.gov.br\/wp-content\/uploads\/2025\/06\/Reuniao-Municipalismo-NOVA-ALVORADA-DO-SUL-MS-Foto-Bruno-Rezende-07-scaled.jpg\"><img decoding=\"async\" src=\"https:\/\/agenciadenoticias.ms.gov.br\/wp-content\/uploads\/2025\/06\/Reuniao-Municipalismo-NOVA-ALVORADA-DO-SUL-MS-Foto-Bruno-Rezende-07-1024x683.jpg\" alt=\"\" class=\"wp-image-512866\"\/><\/a><figcaption class=\"wp-element-caption\"><em>Reuni\u00e3o com lideran\u00e7as de Nova Alvorada do Sul pelo programa MS Ativo<\/em><\/figcaption><\/figure>\n\n\n\n<p><em>Leonardo Rocha, Comunica\u00e7\u00e3o Governo de MS<\/em><br><em>Fotos: Bruno Rezende\/Secom<\/em><\/p>\n","protected":false},"excerpt":{"rendered":"<p>Com apoio e parceria do Governo do Estado, o munic\u00edpio de Nova Alvorada do Sul tem objetivo de se tornar<\/p>\n","protected":false},"author":1,"featured_media":10829,"comment_status":"open","ping_status":"open","sticky":false,"template":"","format":"standard","meta":{"footnotes":""},"categories":[2],"tags":[],"class_list":["post-10827","post","type-post","status-publish","format-standard","has-post-thumbnail","hentry","category-noticias"],"_links":{"self":[{"href":"https:\/\/jornaloalvorada.com.br\/site\/wp-json\/wp\/v2\/posts\/10827","targetHints":{"allow":["GET"]}}],"collection":[{"href":"https:\/\/jornaloalvorada.com.br\/site\/wp-json\/wp\/v2\/posts"}],"about":[{"href":"https:\/\/jornaloalvorada.com.br\/site\/wp-json\/wp\/v2\/types\/post"}],"author":[{"embeddable":true,"href":"https:\/\/jornaloalvorada.com.br\/site\/wp-json\/wp\/v2\/users\/1"}],"replies":[{"embeddable":true,"href":"https:\/\/jornaloalvorada.com.br\/site\/wp-json\/wp\/v2\/comments?post=10827"}],"version-history":[{"count":1,"href":"https:\/\/jornaloalvorada.com.br\/site\/wp-json\/wp\/v2\/posts\/10827\/revisions"}],"predecessor-version":[{"id":10830,"href":"https:\/\/jornaloalvorada.com.br\/site\/wp-json\/wp\/v2\/posts\/10827\/revisions\/10830"}],"wp:featuredmedia":[{"embeddable":true,"href":"https:\/\/jornaloalvorada.com.br\/site\/wp-json\/wp\/v2\/media\/10829"}],"wp:attachment":[{"href":"https:\/\/jornaloalvorada.com.br\/site\/wp-json\/wp\/v2\/media?parent=10827"}],"wp:term":[{"taxonomy":"category","embeddable":true,"href":"https:\/\/jornaloalvorada.com.br\/site\/wp-json\/wp\/v2\/categories?post=10827"},{"taxonomy":"post_tag","embeddable":true,"href":"https:\/\/jornaloalvorada.com.br\/site\/wp-json\/wp\/v2\/tags?post=10827"}],"curies":[{"name":"wp","href":"https:\/\/api.w.org\/{rel}","templated":true}]}}