{"id":10824,"date":"2025-06-09T14:40:04","date_gmt":"2025-06-09T18:40:04","guid":{"rendered":"https:\/\/jornaloalvorada.com.br\/site\/?p=10824"},"modified":"2025-06-09T14:40:05","modified_gmt":"2025-06-09T18:40:05","slug":"prefeito-paleari-juntamente-com-vereadores-garantem-mais-r-10-milhoes-em-investimentos-para-nova-alvorada-do-sul","status":"publish","type":"post","link":"https:\/\/jornaloalvorada.com.br\/site\/2025\/06\/09\/prefeito-paleari-juntamente-com-vereadores-garantem-mais-r-10-milhoes-em-investimentos-para-nova-alvorada-do-sul\/","title":{"rendered":"Prefeito Paleari juntamente com vereadores garantem mais R$ 10 milh\u00f5es em investimentos para Nova Alvorada do Sul"},"content":{"rendered":"\n<p>&#8220;Not\u00edcia boa pra nossa cidade, estamos levando juntamente com os nossos vereadores mais 10 milh\u00f5es em investimentos para Nova Alvorada do Sul, atrav\u00e9s do programa MS ATIVO&#8221;. <\/p>\n\n\n\n<p>&#8220;Quero agradecer a parceria do nosso governador Eduardo Riedel e atrav\u00e9s do deputado Z\u00e9 Teixeira, agradecer a toda bancada estadual e Federal&#8221;. Diz prefeito de Nova Alvorada do Sul, Jos\u00e9 Paulo Paleari<\/p>\n\n\n\n<p>Junto somos mais fortes!<\/p>\n\n\n\n<iframe loading=\"lazy\" src=\"https:\/\/www.facebook.com\/plugins\/video.php?height=314&#038;href=https%3A%2F%2Fwww.facebook.com%2Fjppaleari%2Fvideos%2F707676515565709%2F&#038;show_text=false&#038;width=560&#038;t=0\" width=\"560\" height=\"314\" style=\"border:none;overflow:hidden\" scrolling=\"no\" frameborder=\"0\" allowfullscreen=\"true\" allow=\"autoplay; clipboard-write; encrypted-media; picture-in-picture; web-share\" allowFullScreen=\"true\"><\/iframe>\n","protected":false},"excerpt":{"rendered":"<p>&#8220;Not\u00edcia boa pra nossa cidade, estamos levando juntamente com os nossos vereadores mais 10 milh\u00f5es em investimentos para Nova Alvorada<\/p>\n","protected":false},"author":1,"featured_media":10825,"comment_status":"open","ping_status":"open","sticky":false,"template":"","format":"standard","meta":{"footnotes":""},"categories":[2],"tags":[],"class_list":["post-10824","post","type-post","status-publish","format-standard","has-post-thumbnail","hentry","category-noticias"],"_links":{"self":[{"href":"https:\/\/jornaloalvorada.com.br\/site\/wp-json\/wp\/v2\/posts\/10824","targetHints":{"allow":["GET"]}}],"collection":[{"href":"https:\/\/jornaloalvorada.com.br\/site\/wp-json\/wp\/v2\/posts"}],"about":[{"href":"https:\/\/jornaloalvorada.com.br\/site\/wp-json\/wp\/v2\/types\/post"}],"author":[{"embeddable":true,"href":"https:\/\/jornaloalvorada.com.br\/site\/wp-json\/wp\/v2\/users\/1"}],"replies":[{"embeddable":true,"href":"https:\/\/jornaloalvorada.com.br\/site\/wp-json\/wp\/v2\/comments?post=10824"}],"version-history":[{"count":1,"href":"https:\/\/jornaloalvorada.com.br\/site\/wp-json\/wp\/v2\/posts\/10824\/revisions"}],"predecessor-version":[{"id":10826,"href":"https:\/\/jornaloalvorada.com.br\/site\/wp-json\/wp\/v2\/posts\/10824\/revisions\/10826"}],"wp:featuredmedia":[{"embeddable":true,"href":"https:\/\/jornaloalvorada.com.br\/site\/wp-json\/wp\/v2\/media\/10825"}],"wp:attachment":[{"href":"https:\/\/jornaloalvorada.com.br\/site\/wp-json\/wp\/v2\/media?parent=10824"}],"wp:term":[{"taxonomy":"category","embeddable":true,"href":"https:\/\/jornaloalvorada.com.br\/site\/wp-json\/wp\/v2\/categories?post=10824"},{"taxonomy":"post_tag","embeddable":true,"href":"https:\/\/jornaloalvorada.com.br\/site\/wp-json\/wp\/v2\/tags?post=10824"}],"curies":[{"name":"wp","href":"https:\/\/api.w.org\/{rel}","templated":true}]}}