{"id":10813,"date":"2025-06-05T15:25:50","date_gmt":"2025-06-05T19:25:50","guid":{"rendered":"https:\/\/jornaloalvorada.com.br\/site\/?p=10813"},"modified":"2025-06-05T15:26:47","modified_gmt":"2025-06-05T19:26:47","slug":"prefeito-jose-paleari-ressalta-a-qualidade-da-merenda-escolar-da-escola-municipal-rosalvo-da-rocha-rodrigues","status":"publish","type":"post","link":"https:\/\/jornaloalvorada.com.br\/site\/2025\/06\/05\/prefeito-jose-paleari-ressalta-a-qualidade-da-merenda-escolar-da-escola-municipal-rosalvo-da-rocha-rodrigues\/","title":{"rendered":"Prefeito Jos\u00e9 Paleari ressalta a qualidade da merenda escolar da Escola Municipal Rosalvo da Rocha Rodrigues"},"content":{"rendered":"\n<p>Hoje quero compartilhar com voc\u00eas a qualidade da nossa merenda escolar da Escola Municipal Rosalvo da Rocha Rodrigues (Distrito Pana).<\/p>\n\n\n\n<p>Card\u00e1pio do dia <img loading=\"lazy\" decoding=\"async\" height=\"16\" width=\"16\" alt=\"\ud83d\ude0b\" src=\"https:\/\/static.xx.fbcdn.net\/images\/emoji.php\/v9\/t0\/1\/16\/1f60b.png\"><\/p>\n\n\n\n<p><img loading=\"lazy\" decoding=\"async\" height=\"16\" width=\"16\" alt=\"\u2705\" src=\"https:\/\/static.xx.fbcdn.net\/images\/emoji.php\/v9\/t33\/1\/16\/2705.png\"> Arroz com carne su\u00edna e cenoura<\/p>\n\n\n\n<p><img loading=\"lazy\" decoding=\"async\" height=\"16\" width=\"16\" alt=\"\u2705\" src=\"https:\/\/static.xx.fbcdn.net\/images\/emoji.php\/v9\/t33\/1\/16\/2705.png\">feij\u00e3o<\/p>\n\n\n\n<p><img loading=\"lazy\" decoding=\"async\" height=\"16\" width=\"16\" alt=\"\u2705\" src=\"https:\/\/static.xx.fbcdn.net\/images\/emoji.php\/v9\/t33\/1\/16\/2705.png\">Salada de Alface<\/p>\n\n\n\n<p><img loading=\"lazy\" decoding=\"async\" height=\"16\" width=\"16\" alt=\"\u2705\" src=\"https:\/\/static.xx.fbcdn.net\/images\/emoji.php\/v9\/t33\/1\/16\/2705.png\">Mam\u00e3o<\/p>\n\n\n\n<p>Estamos investindo na qualidade da merenda escolar das nossas crian\u00e7as da rede municipal de educa\u00e7\u00e3o. Essa a\u00e7\u00e3o \u00e9 muito importante, pois sabemos que uma alimenta\u00e7\u00e3o adequada \u00e9 essencial para o desenvolvimento f\u00edsico e cognitivo das nossas crian\u00e7as.<\/p>\n\n\n\n<figure class=\"wp-block-image size-full\"><img loading=\"lazy\" decoding=\"async\" width=\"960\" height=\"746\" src=\"https:\/\/jornaloalvorada.com.br\/site\/wp-content\/uploads\/2025\/06\/501129541_1220497810087968_6567185719587331891_n.jpg\" alt=\"\" class=\"wp-image-10816\" srcset=\"https:\/\/jornaloalvorada.com.br\/site\/wp-content\/uploads\/2025\/06\/501129541_1220497810087968_6567185719587331891_n.jpg 960w, https:\/\/jornaloalvorada.com.br\/site\/wp-content\/uploads\/2025\/06\/501129541_1220497810087968_6567185719587331891_n-300x233.jpg 300w, https:\/\/jornaloalvorada.com.br\/site\/wp-content\/uploads\/2025\/06\/501129541_1220497810087968_6567185719587331891_n-768x597.jpg 768w\" sizes=\"auto, (max-width: 960px) 100vw, 960px\" \/><\/figure>\n\n\n\n<figure class=\"wp-block-image size-large\"><img loading=\"lazy\" decoding=\"async\" width=\"742\" height=\"1024\" src=\"https:\/\/jornaloalvorada.com.br\/site\/wp-content\/uploads\/2025\/06\/504823031_1220498156754600_7249472053940429670_n-742x1024.jpg\" alt=\"\" class=\"wp-image-10818\" srcset=\"https:\/\/jornaloalvorada.com.br\/site\/wp-content\/uploads\/2025\/06\/504823031_1220498156754600_7249472053940429670_n-742x1024.jpg 742w, https:\/\/jornaloalvorada.com.br\/site\/wp-content\/uploads\/2025\/06\/504823031_1220498156754600_7249472053940429670_n-217x300.jpg 217w, https:\/\/jornaloalvorada.com.br\/site\/wp-content\/uploads\/2025\/06\/504823031_1220498156754600_7249472053940429670_n-768x1060.jpg 768w, https:\/\/jornaloalvorada.com.br\/site\/wp-content\/uploads\/2025\/06\/504823031_1220498156754600_7249472053940429670_n-1113x1536.jpg 1113w, https:\/\/jornaloalvorada.com.br\/site\/wp-content\/uploads\/2025\/06\/504823031_1220498156754600_7249472053940429670_n.jpg 1484w\" sizes=\"auto, (max-width: 742px) 100vw, 742px\" \/><\/figure>\n","protected":false},"excerpt":{"rendered":"<p>Hoje quero compartilhar com voc\u00eas a qualidade da nossa merenda escolar da Escola Municipal Rosalvo da Rocha Rodrigues (Distrito Pana).<\/p>\n","protected":false},"author":1,"featured_media":10814,"comment_status":"open","ping_status":"open","sticky":false,"template":"","format":"standard","meta":{"footnotes":""},"categories":[2],"tags":[],"class_list":["post-10813","post","type-post","status-publish","format-standard","has-post-thumbnail","hentry","category-noticias"],"_links":{"self":[{"href":"https:\/\/jornaloalvorada.com.br\/site\/wp-json\/wp\/v2\/posts\/10813","targetHints":{"allow":["GET"]}}],"collection":[{"href":"https:\/\/jornaloalvorada.com.br\/site\/wp-json\/wp\/v2\/posts"}],"about":[{"href":"https:\/\/jornaloalvorada.com.br\/site\/wp-json\/wp\/v2\/types\/post"}],"author":[{"embeddable":true,"href":"https:\/\/jornaloalvorada.com.br\/site\/wp-json\/wp\/v2\/users\/1"}],"replies":[{"embeddable":true,"href":"https:\/\/jornaloalvorada.com.br\/site\/wp-json\/wp\/v2\/comments?post=10813"}],"version-history":[{"count":3,"href":"https:\/\/jornaloalvorada.com.br\/site\/wp-json\/wp\/v2\/posts\/10813\/revisions"}],"predecessor-version":[{"id":10819,"href":"https:\/\/jornaloalvorada.com.br\/site\/wp-json\/wp\/v2\/posts\/10813\/revisions\/10819"}],"wp:featuredmedia":[{"embeddable":true,"href":"https:\/\/jornaloalvorada.com.br\/site\/wp-json\/wp\/v2\/media\/10814"}],"wp:attachment":[{"href":"https:\/\/jornaloalvorada.com.br\/site\/wp-json\/wp\/v2\/media?parent=10813"}],"wp:term":[{"taxonomy":"category","embeddable":true,"href":"https:\/\/jornaloalvorada.com.br\/site\/wp-json\/wp\/v2\/categories?post=10813"},{"taxonomy":"post_tag","embeddable":true,"href":"https:\/\/jornaloalvorada.com.br\/site\/wp-json\/wp\/v2\/tags?post=10813"}],"curies":[{"name":"wp","href":"https:\/\/api.w.org\/{rel}","templated":true}]}}