{"id":10809,"date":"2025-06-04T14:58:03","date_gmt":"2025-06-04T18:58:03","guid":{"rendered":"https:\/\/jornaloalvorada.com.br\/site\/?p=10809"},"modified":"2025-06-04T14:58:05","modified_gmt":"2025-06-04T18:58:05","slug":"stf-retoma-julgamento-sobre-sobre-responsabilizacao-das-redes-sociais","status":"publish","type":"post","link":"https:\/\/jornaloalvorada.com.br\/site\/2025\/06\/04\/stf-retoma-julgamento-sobre-sobre-responsabilizacao-das-redes-sociais\/","title":{"rendered":"STF retoma julgamento sobre sobre responsabiliza\u00e7\u00e3o das redes sociais"},"content":{"rendered":"\n<p><strong>O Supremo Tribunal Federal (STF) retomou h\u00e1 pouco o julgamento sobre a responsabiliza\u00e7\u00e3o das redes sociais pelos conte\u00fados ilegais postados por usu\u00e1rios.&nbsp;O julgamento recome\u00e7ou com o voto do ministro Andr\u00e9 Mendon\u00e7a, que pediu vista dos processos em dezembro do ano passado e suspendeu a an\u00e1lise do caso. <\/strong><img decoding=\"async\" src=\"https:\/\/agenciabrasil.ebc.com.br\/ebc.png?id=1645412&amp;o=node\"><img decoding=\"async\" src=\"https:\/\/agenciabrasil.ebc.com.br\/ebc.gif?id=1645412&amp;o=node\"><\/p>\n\n\n\n<p>A expectativa \u00e9 de que o julgamento n\u00e3o termine hoje. Faltam os votos de sete ministros.<\/p>\n\n\n\n<p><strong>A Corte julga a constitucionalidade do Artigo 19 do Marco Civil da Internet (Lei 12.965\/2014), norma que estabeleceu os direitos e deveres para o uso da internet no Brasil.<\/strong><\/p>\n\n\n\n<p>De acordo com o dispositivo, para &#8220;assegurar a liberdade de express\u00e3o e impedir a censura&#8221;, as plataformas s\u00f3 podem ser responsabilizadas pelas postagens de seus usu\u00e1rios se, ap\u00f3s ordem judicial, n\u00e3o tomarem provid\u00eancias para retirar o conte\u00fado.<\/p>\n\n\n\n<h2 class=\"wp-block-heading\">Votos<\/h2>\n\n\n\n<p>At\u00e9 o momento, foram proferidos tr\u00eas votos no julgamento da quest\u00e3o.&nbsp;<\/p>\n\n\n\n<p>O presidente do STF, ministro Lu\u00eds Roberto Barroso, votou pela responsabiliza\u00e7\u00e3o das plataformas. Para o ministro, as redes devem retirar postagens com conte\u00fado envolvendo pornografia infantil, suic\u00eddio, tr\u00e1fico de pessoas, terrorismo e ataques \u00e0 democracia. Pela proposta, a medida deve ser tomada ap\u00f3s as empresas serem notificadas pelos envolvidos.<\/p>\n\n\n\n<p>Contudo, no entendimento de Barroso, a remo\u00e7\u00e3o de postagens com ofensas e crimes contra a honra dos cidad\u00e3os s\u00f3 pode ocorrer ap\u00f3s decis\u00e3o judicial, ou seja, como ocorre atualmente.<\/p>\n\n\n\n<p>Os ministros Dias Toffoli e Luiz Fux tamb\u00e9m votaram a favor da responsabiliza\u00e7\u00e3o das plataformas, mas em maior extens\u00e3o. De acordo com os ministros, as plataformas devem retirar, ap\u00f3s notifica\u00e7\u00e3o extrajudicial, conte\u00fados considerados ilegais, como mensagens com ataques \u00e0 democracia, incita\u00e7\u00e3o \u00e0 viol\u00eancia e racismo, entre outras.<\/p>\n\n\n\n<p><strong><em>Fonte: Ag\u00eancia Brasil<\/em><\/strong><\/p>\n","protected":false},"excerpt":{"rendered":"<p>O Supremo Tribunal Federal (STF) retomou h\u00e1 pouco o julgamento sobre a responsabiliza\u00e7\u00e3o das redes sociais pelos conte\u00fados ilegais postados<\/p>\n","protected":false},"author":1,"featured_media":10810,"comment_status":"open","ping_status":"open","sticky":false,"template":"","format":"standard","meta":{"footnotes":""},"categories":[2],"tags":[],"class_list":["post-10809","post","type-post","status-publish","format-standard","has-post-thumbnail","hentry","category-noticias"],"_links":{"self":[{"href":"https:\/\/jornaloalvorada.com.br\/site\/wp-json\/wp\/v2\/posts\/10809","targetHints":{"allow":["GET"]}}],"collection":[{"href":"https:\/\/jornaloalvorada.com.br\/site\/wp-json\/wp\/v2\/posts"}],"about":[{"href":"https:\/\/jornaloalvorada.com.br\/site\/wp-json\/wp\/v2\/types\/post"}],"author":[{"embeddable":true,"href":"https:\/\/jornaloalvorada.com.br\/site\/wp-json\/wp\/v2\/users\/1"}],"replies":[{"embeddable":true,"href":"https:\/\/jornaloalvorada.com.br\/site\/wp-json\/wp\/v2\/comments?post=10809"}],"version-history":[{"count":1,"href":"https:\/\/jornaloalvorada.com.br\/site\/wp-json\/wp\/v2\/posts\/10809\/revisions"}],"predecessor-version":[{"id":10811,"href":"https:\/\/jornaloalvorada.com.br\/site\/wp-json\/wp\/v2\/posts\/10809\/revisions\/10811"}],"wp:featuredmedia":[{"embeddable":true,"href":"https:\/\/jornaloalvorada.com.br\/site\/wp-json\/wp\/v2\/media\/10810"}],"wp:attachment":[{"href":"https:\/\/jornaloalvorada.com.br\/site\/wp-json\/wp\/v2\/media?parent=10809"}],"wp:term":[{"taxonomy":"category","embeddable":true,"href":"https:\/\/jornaloalvorada.com.br\/site\/wp-json\/wp\/v2\/categories?post=10809"},{"taxonomy":"post_tag","embeddable":true,"href":"https:\/\/jornaloalvorada.com.br\/site\/wp-json\/wp\/v2\/tags?post=10809"}],"curies":[{"name":"wp","href":"https:\/\/api.w.org\/{rel}","templated":true}]}}