{"id":10745,"date":"2025-05-29T14:02:33","date_gmt":"2025-05-29T18:02:33","guid":{"rendered":"https:\/\/jornaloalvorada.com.br\/site\/?p=10745"},"modified":"2025-05-29T14:03:17","modified_gmt":"2025-05-29T18:03:17","slug":"assistencia-social-esta-reforcando-as-abordagens-para-oferecer-acolhimento-e-protecao-as-pessoas-em-situacao-de-rua","status":"publish","type":"post","link":"https:\/\/jornaloalvorada.com.br\/site\/2025\/05\/29\/assistencia-social-esta-reforcando-as-abordagens-para-oferecer-acolhimento-e-protecao-as-pessoas-em-situacao-de-rua\/","title":{"rendered":"Assist\u00eancia Social est\u00e1 refor\u00e7ando as abordagens para oferecer acolhimento e prote\u00e7\u00e3o \u00e0s pessoas em situa\u00e7\u00e3o de rua"},"content":{"rendered":"\n<p>A Secretaria de Assist\u00eancia Social e o CREAS est\u00e3o atuando com maior intensidade nas abordagens \u00e0s pessoas em situa\u00e7\u00e3o de rua devido \u00e0 queda brusca de temperatura.<\/p>\n\n\n\n<p>Se voc\u00ea se deparar com algu\u00e9m em situa\u00e7\u00e3o de rua, pedimos que entre em contato com o plant\u00e3o da Secretaria de Assist\u00eancia Social pelo n\u00famero (67) 99624-5649. A equipe de plant\u00e3o est\u00e1 pronta para oferecer atendimento emergencial e fornecer acomoda\u00e7\u00e3o tempor\u00e1ria.<\/p>\n\n\n\n<p>Neste inverno, sua ajuda \u00e9 fundamental para garantir que todos tenham acesso a abrigo e prote\u00e7\u00e3o. Lembre-se de fornecer informa\u00e7\u00f5es precisas, como a localiza\u00e7\u00e3o e qualquer detalhe relevante que possa auxiliar na assist\u00eancia adequada.<\/p>\n\n\n\n<p>Juntos, podemos fazer a diferen\u00e7a e proporcionar um inverno mais acolhedor para aqueles que mais precisam. Compartilhe essa mensagem e ajude-nos a alcan\u00e7ar mais pessoas. A solidariedade aquece cora\u00e7\u00f5es!<\/p>\n\n\n\n<p><img loading=\"lazy\" decoding=\"async\" height=\"16\" width=\"16\" alt=\"\u2744\ufe0f\" src=\"https:\/\/static.xx.fbcdn.net\/images\/emoji.php\/v9\/t2e\/1\/16\/2744.png\"> Voc\u00ea tamb\u00e9m pode fazer a diferen\u00e7a!<\/p>\n\n\n\n<p>Se encontrar algu\u00e9m que precise de ajuda, acione nossa equipe:<\/p>\n\n\n\n<p><img loading=\"lazy\" decoding=\"async\" height=\"16\" width=\"16\" alt=\"\ud83d\udcde\" src=\"https:\/\/static.xx.fbcdn.net\/images\/emoji.php\/v9\/t4d\/1\/16\/1f4de.png\"> (67) 99624-5649<\/p>\n\n\n\n<p>Sua atitude pode salvar vidas.<\/p>\n\n\n\n<p><img loading=\"lazy\" decoding=\"async\" height=\"16\" width=\"16\" alt=\"\ud83e\udd1d\" src=\"https:\/\/static.xx.fbcdn.net\/images\/emoji.php\/v9\/t64\/1\/16\/1f91d.png\"> Juntos, somos mais fortes.<\/p>\n","protected":false},"excerpt":{"rendered":"<p>A Secretaria de Assist\u00eancia Social e o CREAS est\u00e3o atuando com maior intensidade nas abordagens \u00e0s pessoas em situa\u00e7\u00e3o de<\/p>\n","protected":false},"author":1,"featured_media":10746,"comment_status":"open","ping_status":"open","sticky":false,"template":"","format":"standard","meta":{"footnotes":""},"categories":[2],"tags":[],"class_list":["post-10745","post","type-post","status-publish","format-standard","has-post-thumbnail","hentry","category-noticias"],"_links":{"self":[{"href":"https:\/\/jornaloalvorada.com.br\/site\/wp-json\/wp\/v2\/posts\/10745","targetHints":{"allow":["GET"]}}],"collection":[{"href":"https:\/\/jornaloalvorada.com.br\/site\/wp-json\/wp\/v2\/posts"}],"about":[{"href":"https:\/\/jornaloalvorada.com.br\/site\/wp-json\/wp\/v2\/types\/post"}],"author":[{"embeddable":true,"href":"https:\/\/jornaloalvorada.com.br\/site\/wp-json\/wp\/v2\/users\/1"}],"replies":[{"embeddable":true,"href":"https:\/\/jornaloalvorada.com.br\/site\/wp-json\/wp\/v2\/comments?post=10745"}],"version-history":[{"count":2,"href":"https:\/\/jornaloalvorada.com.br\/site\/wp-json\/wp\/v2\/posts\/10745\/revisions"}],"predecessor-version":[{"id":10748,"href":"https:\/\/jornaloalvorada.com.br\/site\/wp-json\/wp\/v2\/posts\/10745\/revisions\/10748"}],"wp:featuredmedia":[{"embeddable":true,"href":"https:\/\/jornaloalvorada.com.br\/site\/wp-json\/wp\/v2\/media\/10746"}],"wp:attachment":[{"href":"https:\/\/jornaloalvorada.com.br\/site\/wp-json\/wp\/v2\/media?parent=10745"}],"wp:term":[{"taxonomy":"category","embeddable":true,"href":"https:\/\/jornaloalvorada.com.br\/site\/wp-json\/wp\/v2\/categories?post=10745"},{"taxonomy":"post_tag","embeddable":true,"href":"https:\/\/jornaloalvorada.com.br\/site\/wp-json\/wp\/v2\/tags?post=10745"}],"curies":[{"name":"wp","href":"https:\/\/api.w.org\/{rel}","templated":true}]}}