{"id":10737,"date":"2025-05-28T15:47:07","date_gmt":"2025-05-28T19:47:07","guid":{"rendered":"https:\/\/jornaloalvorada.com.br\/site\/?p=10737"},"modified":"2025-05-28T15:47:08","modified_gmt":"2025-05-28T19:47:08","slug":"mortalidade-materna-em-mato-grosso-do-sul-tem-reducao-significativa-nos-ultimos-cinco-anos","status":"publish","type":"post","link":"https:\/\/jornaloalvorada.com.br\/site\/2025\/05\/28\/mortalidade-materna-em-mato-grosso-do-sul-tem-reducao-significativa-nos-ultimos-cinco-anos\/","title":{"rendered":"Mortalidade materna em Mato Grosso do Sul tem redu\u00e7\u00e3o significativa nos \u00faltimos cinco anos"},"content":{"rendered":"\n<p>Mato Grosso do Sul avan\u00e7a para cumprir a pactua\u00e7\u00e3o definida nos ODS (Objetivos do Desenvolvimento Sustent\u00e1vel da ONU), para redu\u00e7\u00e3o da mortalidade materna para menos de 30 por 100 mil nascidos vivos at\u00e9 o ano de 2030.<\/p>\n\n\n\n<p>Nos \u00faltimos cincos anos o Estado implementou pol\u00edticas p\u00fablicas de sa\u00fade que permitiram uma redu\u00e7\u00e3o significativa nas mortes de mulheres durante a gravidez ou at\u00e9 os 42 dias seguintes ao parto. Com exce\u00e7\u00e3o do ano de 2021, que por conta da pandemia de Covid houve um aumento da mortalidade, a queda no n\u00famero de mortes \u00e9 significativa conforme mostra a tabela abaixo.<\/p>\n\n\n<div class=\"wp-block-image\">\n<figure class=\"aligncenter\"><a href=\"https:\/\/www.saude.ms.gov.br\/wp-content\/uploads\/2025\/05\/Tabela-1-\u2013-Numero-de-obitos-maternos_-1.jpeg\"><img decoding=\"async\" src=\"https:\/\/www.saude.ms.gov.br\/wp-content\/uploads\/2025\/05\/Tabela-1-\u2013-Numero-de-obitos-maternos_-1-1024x433.jpeg\" alt=\"\" class=\"wp-image-37324\"\/><\/a><\/figure>\n<\/div>\n\n\n<p>Com a miss\u00e3o de avan\u00e7ar nesta redu\u00e7\u00e3o e consolidar a meta antes do prazo pactuado, o Governo de MS, por meio da SES (Secretaria de Estado de Sa\u00fade) lan\u00e7a a \u2018Campanha Digital de Maio\u2019, para mobilizar gestores e a sociedade da responsabilidade coletiva de reduzir a mortalidade materna.<\/p>\n\n\n\n<p>\u201cEssa expressiva redu\u00e7\u00e3o da mortalidade materna em Mato Grosso do Sul nos \u00faltimos cinco anos representa um avan\u00e7o not\u00e1vel e reflete o compromisso do nosso Estado em priorizar a sa\u00fade de nossas mulheres, alinhado aos Objetivos de Desenvolvimento Sustent\u00e1vel da ONU. A Campanha Digital de Maio surge como um refor\u00e7o nesta jornada unindo esfor\u00e7os de gestores e da sociedade para consolidarmos essa conquista antes do prazo estabelecido. As parcerias fortalecem ainda mais nossas a\u00e7\u00f5es, impulsionando-nos rumo a um futuro onde a maternidade seja uma experi\u00eancia segura e plena para todas&#8221;, afirma a gerente da Vigil\u00e2ncia do \u00d3bito Materno e Infantil da SES, Hilda Guimar\u00e3es.<\/p>\n\n\n\n<p>De acordo com a gerente da Vigil\u00e2ncia do \u00d3bito Materno e Infantil da SES, foram registrados neste ano nove \u00f3bitos maternos, raz\u00e3o pela qual \u00e9 necess\u00e1rio manter a sociedade em alerta.<\/p>\n\n\n\n<p>\u201cPrecisamos chamar a aten\u00e7\u00e3o da import\u00e2ncia dessas mulheres buscarem os servi\u00e7os de sa\u00fade que oferecem os exames necess\u00e1rios desde o acompanhamento no pr\u00e9-natal at\u00e9 o puerp\u00e9rio. Cada vida importa e a informa\u00e7\u00e3o e o acesso aos cuidados adequados s\u00e3o ferramentas poderosas para garantirmos que nenhuma m\u00e3e perca a oportunidade de acompanhar sua gesta\u00e7\u00e3o com os devidos cuidados. A Campanha Digital de Maio \u00e9 um convite \u00e0 a\u00e7\u00e3o, um lembrete de que a responsabilidade de proteger a vida materna \u00e9 de todos n\u00f3s\u201d, completa Hilda<\/p>\n\n\n\n<p>No dia 28 de maio \u00e9 celebrado o Dia Nacional Redu\u00e7\u00e3o da Mortalidade Materna e o Dia Internacional de Luta pela Sa\u00fade da Mulher. A data tem como objetivo chamar a aten\u00e7\u00e3o para a import\u00e2ncia da sa\u00fade materna e reduzir a taxa de mortes maternas.<\/p>\n\n\n\n<p><em>Helton Davis, Comunica\u00e7\u00e3o SES<\/em><\/p>\n","protected":false},"excerpt":{"rendered":"<p>Mato Grosso do Sul avan\u00e7a para cumprir a pactua\u00e7\u00e3o definida nos ODS (Objetivos do Desenvolvimento Sustent\u00e1vel da ONU), para redu\u00e7\u00e3o<\/p>\n","protected":false},"author":1,"featured_media":10738,"comment_status":"open","ping_status":"open","sticky":false,"template":"","format":"standard","meta":{"footnotes":""},"categories":[2],"tags":[],"class_list":["post-10737","post","type-post","status-publish","format-standard","has-post-thumbnail","hentry","category-noticias"],"_links":{"self":[{"href":"https:\/\/jornaloalvorada.com.br\/site\/wp-json\/wp\/v2\/posts\/10737","targetHints":{"allow":["GET"]}}],"collection":[{"href":"https:\/\/jornaloalvorada.com.br\/site\/wp-json\/wp\/v2\/posts"}],"about":[{"href":"https:\/\/jornaloalvorada.com.br\/site\/wp-json\/wp\/v2\/types\/post"}],"author":[{"embeddable":true,"href":"https:\/\/jornaloalvorada.com.br\/site\/wp-json\/wp\/v2\/users\/1"}],"replies":[{"embeddable":true,"href":"https:\/\/jornaloalvorada.com.br\/site\/wp-json\/wp\/v2\/comments?post=10737"}],"version-history":[{"count":1,"href":"https:\/\/jornaloalvorada.com.br\/site\/wp-json\/wp\/v2\/posts\/10737\/revisions"}],"predecessor-version":[{"id":10739,"href":"https:\/\/jornaloalvorada.com.br\/site\/wp-json\/wp\/v2\/posts\/10737\/revisions\/10739"}],"wp:featuredmedia":[{"embeddable":true,"href":"https:\/\/jornaloalvorada.com.br\/site\/wp-json\/wp\/v2\/media\/10738"}],"wp:attachment":[{"href":"https:\/\/jornaloalvorada.com.br\/site\/wp-json\/wp\/v2\/media?parent=10737"}],"wp:term":[{"taxonomy":"category","embeddable":true,"href":"https:\/\/jornaloalvorada.com.br\/site\/wp-json\/wp\/v2\/categories?post=10737"},{"taxonomy":"post_tag","embeddable":true,"href":"https:\/\/jornaloalvorada.com.br\/site\/wp-json\/wp\/v2\/tags?post=10737"}],"curies":[{"name":"wp","href":"https:\/\/api.w.org\/{rel}","templated":true}]}}