{"id":10734,"date":"2025-05-28T15:45:48","date_gmt":"2025-05-28T19:45:48","guid":{"rendered":"https:\/\/jornaloalvorada.com.br\/site\/?p=10734"},"modified":"2025-05-28T15:45:49","modified_gmt":"2025-05-28T19:45:49","slug":"imposto-de-renda-2025-tem-primeiro-lote-liberado-pela-receita","status":"publish","type":"post","link":"https:\/\/jornaloalvorada.com.br\/site\/2025\/05\/28\/imposto-de-renda-2025-tem-primeiro-lote-liberado-pela-receita\/","title":{"rendered":"Imposto de Renda 2025 tem primeiro lote liberado pela Receita"},"content":{"rendered":"\n<p>Em 2025, a <strong><a href=\"https:\/\/terrabrasilnoticias.com\/2025\/05\/receita-federal-libera-o-1o-lote-da-restituicao-do-ir-2025-veja-como-e-quando-consultar\/\" target=\"_blank\" rel=\"noreferrer noopener\">Receita Federal<\/a> <\/strong>iniciou o processo de consulta para o primeiro lote de restitui\u00e7\u00e3o do<a href=\"https:\/\/www.gov.br\/receitafederal\/pt-br\/assuntos\/meu-imposto-de-renda\" target=\"_blank\" rel=\"noreferrer noopener\"> <strong>Imposto de Renda<\/strong><\/a>. Os contribuintes j\u00e1 podem verificar se est\u00e3o inclu\u00eddos acessando o site oficial. O pagamento deste lote est\u00e1 agendado para o dia <strong>30 de maio<\/strong>, que tamb\u00e9m \u00e9 o prazo final para a entrega das declara\u00e7\u00f5es.<\/p>\n\n\n\n<p>O montante a ser restitu\u00eddo neste primeiro lote \u00e9 significativo, indicando um aumento em rela\u00e7\u00e3o ao ano anterior. Em 2024, o primeiro lote j\u00e1 havia atingido um recorde, e a expectativa \u00e9 que a tend\u00eancia de crescimento continue em 2025.<\/p>\n\n\n\n<h2 class=\"wp-block-heading\">Quem tem prioridade na restitui\u00e7\u00e3o do Imposto de Renda?<\/h2>\n\n\n\n<p>A restitui\u00e7\u00e3o do Imposto de Renda segue uma ordem de prioridade estabelecida por lei. Em 2025, algumas altera\u00e7\u00f5es foram feitas para determinar quem recebe primeiro. Idosos, pessoas com defici\u00eancia e contribuintes cuja principal fonte de renda \u00e9 o magist\u00e9rio t\u00eam prioridade.<\/p>\n\n\n\n<p>Al\u00e9m disso, contribuintes que utilizam a declara\u00e7\u00e3o pr\u00e9-preenchida e optam por receber via Pix tamb\u00e9m s\u00e3o priorizados. Essa medida busca agilizar o processo e recompensar aqueles que adotam pr\u00e1ticas que facilitam o trabalho da Receita Federal.<\/p>\n\n\n\n<h2 class=\"wp-block-heading\">Como consultar a restitui\u00e7\u00e3o do Imposto de Renda?<\/h2>\n\n\n\n<figure class=\"wp-block-image\"><img decoding=\"async\" src=\"https:\/\/terrabrasilnoticias.com\/wp-content\/uploads\/2024\/10\/Receita-Federal-aplicativo-brasil_1728298273776-1024x576.jpg\" alt=\"Confira os links oficiais para download do aplicativo. - Cr\u00e9ditos: depositphotos.com \/ rmcarvalhobsb\"\/><figcaption class=\"wp-element-caption\">Receita Federal \u2013 Cr\u00e9ditos: depositphotos.com \/ rmcarvalhobsb<\/figcaption><\/figure>\n\n\n\n<p>Para verificar a disponibilidade da restitui\u00e7\u00e3o, o contribuinte deve acessar o site da Receita Federal. \u00c9 necess\u00e1rio ter um cadastro no sistema gov.br, que pode ser realizado com o CPF ou dados banc\u00e1rios. Ap\u00f3s o login, basta seguir as instru\u00e7\u00f5es para consultar a restitui\u00e7\u00e3o.<\/p>\n\n\n\n<p>O valor ser\u00e1 depositado na conta banc\u00e1ria informada na declara\u00e7\u00e3o. Caso o contribuinte n\u00e3o resgate o valor em at\u00e9 um ano, ser\u00e1 necess\u00e1rio solicitar novamente atrav\u00e9s do Portal e-CAC.<\/p>\n\n\n\n<h2 class=\"wp-block-heading\">Qual \u00e9 o cronograma de pagamentos das restitui\u00e7\u00f5es?<\/h2>\n\n\n\n<p>O cronograma de restitui\u00e7\u00f5es do Imposto de Renda 2025 est\u00e1 dividido em cinco lotes. O primeiro lote ser\u00e1 pago em 30 de maio, seguido pelos demais lotes nos meses subsequentes, at\u00e9 setembro. Este planejamento permite que a Receita Federal organize os pagamentos de forma eficiente ao longo do ano.<\/p>\n\n\n\n<ul class=\"wp-block-list\">\n<li>Primeiro lote: 30 de maio<\/li>\n\n\n\n<li>Segundo lote: 30 de junho<\/li>\n\n\n\n<li>Terceiro lote: 31 de julho<\/li>\n\n\n\n<li>Quarto lote: 29 de agosto<\/li>\n\n\n\n<li>Quinto lote: 30 de setembro<\/li>\n<\/ul>\n\n\n\n<h2 class=\"wp-block-heading\">Regulariza\u00e7\u00e3o para Microempreendedores Individuais (MEI)<\/h2>\n\n\n\n<p>Os microempreendedores individuais (<a href=\"https:\/\/www.gov.br\/empresas-e-negocios\/pt-br\/empreendedor\" target=\"_blank\" rel=\"noreferrer noopener\">MEI<\/a>) t\u00eam at\u00e9 31 de maio para regularizar suas pend\u00eancias com a Receita Federal. \u00c9 crucial que os MEIs estejam em dia com suas obriga\u00e7\u00f5es fiscais para evitar multas e complica\u00e7\u00f5es futuras. O Portal do Empreendedor oferece todas as ferramentas necess\u00e1rias para que os MEIs fa\u00e7am suas declara\u00e7\u00f5es de forma correta.<\/p>\n\n\n\n<p>Para mais informa\u00e7\u00f5es ou esclarecimento de d\u00favidas, os contribuintes podem acessar os canais de comunica\u00e7\u00e3o disponibilizados pela Receita Federal ou consultar especialistas em contabilidade.<\/p>\n\n\n\n<p><strong><em>Fonte: Terra Brasil Not\u00edcias<\/em><\/strong><\/p>\n","protected":false},"excerpt":{"rendered":"<p>Em 2025, a Receita Federal iniciou o processo de consulta para o primeiro lote de restitui\u00e7\u00e3o do Imposto de Renda.<\/p>\n","protected":false},"author":1,"featured_media":10735,"comment_status":"open","ping_status":"open","sticky":false,"template":"","format":"standard","meta":{"footnotes":""},"categories":[2],"tags":[],"class_list":["post-10734","post","type-post","status-publish","format-standard","has-post-thumbnail","hentry","category-noticias"],"_links":{"self":[{"href":"https:\/\/jornaloalvorada.com.br\/site\/wp-json\/wp\/v2\/posts\/10734","targetHints":{"allow":["GET"]}}],"collection":[{"href":"https:\/\/jornaloalvorada.com.br\/site\/wp-json\/wp\/v2\/posts"}],"about":[{"href":"https:\/\/jornaloalvorada.com.br\/site\/wp-json\/wp\/v2\/types\/post"}],"author":[{"embeddable":true,"href":"https:\/\/jornaloalvorada.com.br\/site\/wp-json\/wp\/v2\/users\/1"}],"replies":[{"embeddable":true,"href":"https:\/\/jornaloalvorada.com.br\/site\/wp-json\/wp\/v2\/comments?post=10734"}],"version-history":[{"count":1,"href":"https:\/\/jornaloalvorada.com.br\/site\/wp-json\/wp\/v2\/posts\/10734\/revisions"}],"predecessor-version":[{"id":10736,"href":"https:\/\/jornaloalvorada.com.br\/site\/wp-json\/wp\/v2\/posts\/10734\/revisions\/10736"}],"wp:featuredmedia":[{"embeddable":true,"href":"https:\/\/jornaloalvorada.com.br\/site\/wp-json\/wp\/v2\/media\/10735"}],"wp:attachment":[{"href":"https:\/\/jornaloalvorada.com.br\/site\/wp-json\/wp\/v2\/media?parent=10734"}],"wp:term":[{"taxonomy":"category","embeddable":true,"href":"https:\/\/jornaloalvorada.com.br\/site\/wp-json\/wp\/v2\/categories?post=10734"},{"taxonomy":"post_tag","embeddable":true,"href":"https:\/\/jornaloalvorada.com.br\/site\/wp-json\/wp\/v2\/tags?post=10734"}],"curies":[{"name":"wp","href":"https:\/\/api.w.org\/{rel}","templated":true}]}}