{"id":10730,"date":"2025-05-27T18:04:07","date_gmt":"2025-05-27T22:04:07","guid":{"rendered":"https:\/\/jornaloalvorada.com.br\/site\/?p=10730"},"modified":"2025-05-27T18:04:08","modified_gmt":"2025-05-27T22:04:08","slug":"prefeito-jose-paleari-recebe-empresario-john-marcos-proprietario-da-agropecuaria-jm","status":"publish","type":"post","link":"https:\/\/jornaloalvorada.com.br\/site\/2025\/05\/27\/prefeito-jose-paleari-recebe-empresario-john-marcos-proprietario-da-agropecuaria-jm\/","title":{"rendered":"Prefeito Jos\u00e9 Paleari recebe empres\u00e1rio John Marcos, propriet\u00e1rio da AGROPECU\u00c1RIA JM"},"content":{"rendered":"\n<p>Prefeito Jos\u00e9 Paulo Paleari recebe no gabinete o empres\u00e1rio John marcos Bartolomeu Saraiva Sampaio, propriet\u00e1rio da AGROPECU\u00c1RIA JM, que ser\u00e1 inaugurada neste s\u00e1bado, dia (31), \u00e0s 07h30min  em Nova Alvorada do Sul.<\/p>\n\n\n\n<p>&#8220;Quero desejar boa sorte e agradecer pela confian\u00e7a no potencial econ\u00f4mico do nosso munic\u00edpio&#8221;. Diz prefeito.<\/p>\n","protected":false},"excerpt":{"rendered":"<p>Prefeito Jos\u00e9 Paulo Paleari recebe no gabinete o empres\u00e1rio John marcos Bartolomeu Saraiva Sampaio, propriet\u00e1rio da AGROPECU\u00c1RIA JM, que ser\u00e1<\/p>\n","protected":false},"author":1,"featured_media":10731,"comment_status":"open","ping_status":"open","sticky":false,"template":"","format":"standard","meta":{"footnotes":""},"categories":[2],"tags":[],"class_list":["post-10730","post","type-post","status-publish","format-standard","has-post-thumbnail","hentry","category-noticias"],"_links":{"self":[{"href":"https:\/\/jornaloalvorada.com.br\/site\/wp-json\/wp\/v2\/posts\/10730","targetHints":{"allow":["GET"]}}],"collection":[{"href":"https:\/\/jornaloalvorada.com.br\/site\/wp-json\/wp\/v2\/posts"}],"about":[{"href":"https:\/\/jornaloalvorada.com.br\/site\/wp-json\/wp\/v2\/types\/post"}],"author":[{"embeddable":true,"href":"https:\/\/jornaloalvorada.com.br\/site\/wp-json\/wp\/v2\/users\/1"}],"replies":[{"embeddable":true,"href":"https:\/\/jornaloalvorada.com.br\/site\/wp-json\/wp\/v2\/comments?post=10730"}],"version-history":[{"count":1,"href":"https:\/\/jornaloalvorada.com.br\/site\/wp-json\/wp\/v2\/posts\/10730\/revisions"}],"predecessor-version":[{"id":10732,"href":"https:\/\/jornaloalvorada.com.br\/site\/wp-json\/wp\/v2\/posts\/10730\/revisions\/10732"}],"wp:featuredmedia":[{"embeddable":true,"href":"https:\/\/jornaloalvorada.com.br\/site\/wp-json\/wp\/v2\/media\/10731"}],"wp:attachment":[{"href":"https:\/\/jornaloalvorada.com.br\/site\/wp-json\/wp\/v2\/media?parent=10730"}],"wp:term":[{"taxonomy":"category","embeddable":true,"href":"https:\/\/jornaloalvorada.com.br\/site\/wp-json\/wp\/v2\/categories?post=10730"},{"taxonomy":"post_tag","embeddable":true,"href":"https:\/\/jornaloalvorada.com.br\/site\/wp-json\/wp\/v2\/tags?post=10730"}],"curies":[{"name":"wp","href":"https:\/\/api.w.org\/{rel}","templated":true}]}}