{"id":10725,"date":"2025-05-27T17:59:48","date_gmt":"2025-05-27T21:59:48","guid":{"rendered":"https:\/\/jornaloalvorada.com.br\/site\/?p=10725"},"modified":"2025-05-27T18:00:11","modified_gmt":"2025-05-27T22:00:11","slug":"jose-paleari-se-reune-com-autoridades-da-pm-de-maracaju-e-nova-alvorada-do-sul","status":"publish","type":"post","link":"https:\/\/jornaloalvorada.com.br\/site\/2025\/05\/27\/jose-paleari-se-reune-com-autoridades-da-pm-de-maracaju-e-nova-alvorada-do-sul\/","title":{"rendered":"Jos\u00e9 Paleari se re\u00fane com autoridades da PM de Maracaju e Nova Alvorada do Sul"},"content":{"rendered":"\n<p>Prefeito de Nova Alvorada do Sul, Jos\u00e9 Paulo Paleari se re\u00fane com Major Nelson Vieira, comandante do 15\u00b0 BPM de Maracaju, e o Tenente Raphael Penzo, comandante do pelot\u00e3o da Pol\u00edcia Militar em Nova Alvorada do Sul.<\/p>\n\n\n\n<p>O encontro teve como foco o fortalecimento das a\u00e7\u00f5es de seguran\u00e7a p\u00fablica no munic\u00edpio, reafirmando a parceria entre a administra\u00e7\u00e3o municipal e as for\u00e7as de seguran\u00e7a do Estado.<\/p>\n\n\n\n<figure class=\"wp-block-image size-large\"><img loading=\"lazy\" decoding=\"async\" width=\"1024\" height=\"768\" src=\"https:\/\/jornaloalvorada.com.br\/site\/wp-content\/uploads\/2025\/05\/500428544_1213062807498135_5474973623651820385_n-1024x768.jpg\" alt=\"\" class=\"wp-image-10728\" srcset=\"https:\/\/jornaloalvorada.com.br\/site\/wp-content\/uploads\/2025\/05\/500428544_1213062807498135_5474973623651820385_n-1024x768.jpg 1024w, https:\/\/jornaloalvorada.com.br\/site\/wp-content\/uploads\/2025\/05\/500428544_1213062807498135_5474973623651820385_n-300x225.jpg 300w, https:\/\/jornaloalvorada.com.br\/site\/wp-content\/uploads\/2025\/05\/500428544_1213062807498135_5474973623651820385_n-768x576.jpg 768w, https:\/\/jornaloalvorada.com.br\/site\/wp-content\/uploads\/2025\/05\/500428544_1213062807498135_5474973623651820385_n-1536x1152.jpg 1536w, https:\/\/jornaloalvorada.com.br\/site\/wp-content\/uploads\/2025\/05\/500428544_1213062807498135_5474973623651820385_n.jpg 2048w\" sizes=\"auto, (max-width: 1024px) 100vw, 1024px\" \/><\/figure>\n","protected":false},"excerpt":{"rendered":"<p>Prefeito de Nova Alvorada do Sul, Jos\u00e9 Paulo Paleari se re\u00fane com Major Nelson Vieira, comandante do 15\u00b0 BPM de<\/p>\n","protected":false},"author":1,"featured_media":10726,"comment_status":"open","ping_status":"open","sticky":false,"template":"","format":"standard","meta":{"footnotes":""},"categories":[2],"tags":[],"class_list":["post-10725","post","type-post","status-publish","format-standard","has-post-thumbnail","hentry","category-noticias"],"_links":{"self":[{"href":"https:\/\/jornaloalvorada.com.br\/site\/wp-json\/wp\/v2\/posts\/10725","targetHints":{"allow":["GET"]}}],"collection":[{"href":"https:\/\/jornaloalvorada.com.br\/site\/wp-json\/wp\/v2\/posts"}],"about":[{"href":"https:\/\/jornaloalvorada.com.br\/site\/wp-json\/wp\/v2\/types\/post"}],"author":[{"embeddable":true,"href":"https:\/\/jornaloalvorada.com.br\/site\/wp-json\/wp\/v2\/users\/1"}],"replies":[{"embeddable":true,"href":"https:\/\/jornaloalvorada.com.br\/site\/wp-json\/wp\/v2\/comments?post=10725"}],"version-history":[{"count":2,"href":"https:\/\/jornaloalvorada.com.br\/site\/wp-json\/wp\/v2\/posts\/10725\/revisions"}],"predecessor-version":[{"id":10729,"href":"https:\/\/jornaloalvorada.com.br\/site\/wp-json\/wp\/v2\/posts\/10725\/revisions\/10729"}],"wp:featuredmedia":[{"embeddable":true,"href":"https:\/\/jornaloalvorada.com.br\/site\/wp-json\/wp\/v2\/media\/10726"}],"wp:attachment":[{"href":"https:\/\/jornaloalvorada.com.br\/site\/wp-json\/wp\/v2\/media?parent=10725"}],"wp:term":[{"taxonomy":"category","embeddable":true,"href":"https:\/\/jornaloalvorada.com.br\/site\/wp-json\/wp\/v2\/categories?post=10725"},{"taxonomy":"post_tag","embeddable":true,"href":"https:\/\/jornaloalvorada.com.br\/site\/wp-json\/wp\/v2\/tags?post=10725"}],"curies":[{"name":"wp","href":"https:\/\/api.w.org\/{rel}","templated":true}]}}