{"id":10719,"date":"2025-05-27T08:29:25","date_gmt":"2025-05-27T12:29:25","guid":{"rendered":"https:\/\/jornaloalvorada.com.br\/site\/?p=10719"},"modified":"2025-05-27T08:29:27","modified_gmt":"2025-05-27T12:29:27","slug":"maio-laranja-mes-de-combate-ao-abuso-e-a-exploracao-sexual-de-criancas-e-adolescentes","status":"publish","type":"post","link":"https:\/\/jornaloalvorada.com.br\/site\/2025\/05\/27\/maio-laranja-mes-de-combate-ao-abuso-e-a-exploracao-sexual-de-criancas-e-adolescentes\/","title":{"rendered":"Maio Laranja \u2013 M\u00eas de Combate ao Abuso e \u00e0 Explora\u00e7\u00e3o Sexual de Crian\u00e7as e Adolescentes"},"content":{"rendered":"\n<p>Durante todo o m\u00eas de maio, a Secretaria Municipal de Assist\u00eancia Social de Nova Alvorada do Sul esteve mobilizada em a\u00e7\u00f5es de conscientiza\u00e7\u00e3o e enfrentamento \u00e0 viol\u00eancia contra crian\u00e7as e adolescentes.<\/p>\n\n\n\n<p>Como parte da campanha, a equipe da Alta Complexidade promoveu um momento especial com a participa\u00e7\u00e3o da equipe do CREAS, em uma conversa com as cuidadoras da Casa Lar e com nossas Fam\u00edlias Acolhedoras.<\/p>\n\n\n\n<p><img loading=\"lazy\" decoding=\"async\" height=\"16\" width=\"16\" alt=\"\ud83d\udce3\" src=\"https:\/\/static.xx.fbcdn.net\/images\/emoji.php\/v9\/tba\/1\/16\/1f4e3.png\"> Falar sobre o tema \u00e9 necess\u00e1rio. Proteger a inf\u00e2ncia \u00e9 um dever de todos!<\/p>\n\n\n\n<p>Junte-se a n\u00f3s nessa luta. Denuncie. Fa\u00e7a bonito. Proteja nossas crian\u00e7as e adolescentes!<\/p>\n","protected":false},"excerpt":{"rendered":"<p>Durante todo o m\u00eas de maio, a Secretaria Municipal de Assist\u00eancia Social de Nova Alvorada do Sul esteve mobilizada em<\/p>\n","protected":false},"author":1,"featured_media":10720,"comment_status":"open","ping_status":"open","sticky":false,"template":"","format":"standard","meta":{"footnotes":""},"categories":[2],"tags":[],"class_list":["post-10719","post","type-post","status-publish","format-standard","has-post-thumbnail","hentry","category-noticias"],"_links":{"self":[{"href":"https:\/\/jornaloalvorada.com.br\/site\/wp-json\/wp\/v2\/posts\/10719","targetHints":{"allow":["GET"]}}],"collection":[{"href":"https:\/\/jornaloalvorada.com.br\/site\/wp-json\/wp\/v2\/posts"}],"about":[{"href":"https:\/\/jornaloalvorada.com.br\/site\/wp-json\/wp\/v2\/types\/post"}],"author":[{"embeddable":true,"href":"https:\/\/jornaloalvorada.com.br\/site\/wp-json\/wp\/v2\/users\/1"}],"replies":[{"embeddable":true,"href":"https:\/\/jornaloalvorada.com.br\/site\/wp-json\/wp\/v2\/comments?post=10719"}],"version-history":[{"count":1,"href":"https:\/\/jornaloalvorada.com.br\/site\/wp-json\/wp\/v2\/posts\/10719\/revisions"}],"predecessor-version":[{"id":10721,"href":"https:\/\/jornaloalvorada.com.br\/site\/wp-json\/wp\/v2\/posts\/10719\/revisions\/10721"}],"wp:featuredmedia":[{"embeddable":true,"href":"https:\/\/jornaloalvorada.com.br\/site\/wp-json\/wp\/v2\/media\/10720"}],"wp:attachment":[{"href":"https:\/\/jornaloalvorada.com.br\/site\/wp-json\/wp\/v2\/media?parent=10719"}],"wp:term":[{"taxonomy":"category","embeddable":true,"href":"https:\/\/jornaloalvorada.com.br\/site\/wp-json\/wp\/v2\/categories?post=10719"},{"taxonomy":"post_tag","embeddable":true,"href":"https:\/\/jornaloalvorada.com.br\/site\/wp-json\/wp\/v2\/tags?post=10719"}],"curies":[{"name":"wp","href":"https:\/\/api.w.org\/{rel}","templated":true}]}}