{"id":10712,"date":"2025-05-26T10:53:43","date_gmt":"2025-05-26T14:53:43","guid":{"rendered":"https:\/\/jornaloalvorada.com.br\/site\/?p=10712"},"modified":"2025-05-26T10:53:45","modified_gmt":"2025-05-26T14:53:45","slug":"inss-comeca-a-devolver-a-aposentados-mensalidades-associativas","status":"publish","type":"post","link":"https:\/\/jornaloalvorada.com.br\/site\/2025\/05\/26\/inss-comeca-a-devolver-a-aposentados-mensalidades-associativas\/","title":{"rendered":"INSS come\u00e7a a devolver a aposentados mensalidades associativas"},"content":{"rendered":"\n<p>O Instituto Nacional do Seguro Social (INSS) come\u00e7a a restituir, nesta segunda-feira (26), os valores relativos a mensalidades associativas descontadas de benefici\u00e1rios da Previd\u00eancia Social entre 24 de abril e 8 de maio<img decoding=\"async\" src=\"https:\/\/agenciabrasil.ebc.com.br\/ebc.png?id=1643934&amp;o=node\"><img decoding=\"async\" src=\"https:\/\/agenciabrasil.ebc.com.br\/ebc.gif?id=1643934&amp;o=node\"><\/p>\n\n\n\n<p>No total, a autarquia devolver\u00e1 R$ 292 milh\u00f5es. A quantia diz respeito a descontos&nbsp;apenas na folha de abril, fechada&nbsp;antes da <a href=\"http:\/\/agenciabrasil.ebc.com.br\/geral\/noticia\/2025-04\/operacao-da-pf-investiga-descontos-irregulares-em-beneficios-do-inss\" target=\"_blank\" rel=\"noreferrer noopener\">megaopera\u00e7\u00e3o<\/a> deflagrada pela&nbsp;Pol\u00edcia Federal (PF) e a Controladoria-Geral da Uni\u00e3o (CGU) para aprofundar&nbsp;investiga\u00e7\u00f5es sobre o esquema nacional de descontos ilegais.<\/p>\n\n\n\n<p>Ap\u00f3s a revela\u00e7\u00e3o do desconto, nas folhas de pagamento, de cobran\u00e7as&nbsp;n\u00e3o autorizadas de milhares de pessoas em todo o pa\u00eds, o INSS <a href=\"https:\/\/agenciabrasil.ebc.com.br\/geral\/noticia\/2025-04\/governo-suspende-autorizacao-para-cobranca-de-mensalidade-associativa\" target=\"_blank\" rel=\"noreferrer noopener\">suspendeu<\/a>&nbsp;todos os acordos de coopera\u00e7\u00e3o t\u00e9cnica que permitiam que sindicatos, associa\u00e7\u00f5es e outras entidades sociais cobrassem mensalidades de filia\u00e7\u00e3o diretamente dos benef\u00edcios pagos pelo instituto.<\/p>\n\n\n\n<p>No entanto, como a folha de pagamento dos benef\u00edcios j\u00e1 estava fechada, muitos descontos foram efetivados. Contudo, o INSS reteve os valores, que agora ser\u00e3o devolvidos&nbsp;junto com os benef\u00edcios que come\u00e7am a ser pagos hoje.<\/p>\n\n\n\n<p>A data exata da devolu\u00e7\u00e3o depende do valor do benef\u00edcio (igual ou maior que um sal\u00e1rio-m\u00ednimo) e do \u00faltimo algarismo do n\u00famero de Benef\u00edcio (NB) \u2013 sem considerar o d\u00edgito verificador, que aparece depois do tra\u00e7o. De acordo com o calend\u00e1rio regular de pagamentos, a devolu\u00e7\u00e3o ser\u00e1 feita nas seguintes datas:<\/p>\n\n\n\n<h2 class=\"wp-block-heading\">Quem ganha at\u00e9 um sal\u00e1rio-m\u00ednimo<\/h2>\n\n\n\n<ul class=\"wp-block-list\">\n<li>Final 1\u2002\u2002\u2002\u200226 de maio<\/li>\n\n\n\n<li>Final 2\u2002\u2002\u2002\u200227 de maio<\/li>\n\n\n\n<li>Final 3\u2002\u2002\u2002\u200228 de maio<\/li>\n\n\n\n<li>Final 4\u2002\u2002\u2002\u200229 de maio<\/li>\n\n\n\n<li>Final 5\u2002\u2002\u2002\u200230 de maio<\/li>\n\n\n\n<li>Final 6\u2002\u2002\u2002\u20022 de junho<\/li>\n\n\n\n<li>Final 7\u2002\u2002\u2002\u20023 de junho<\/li>\n\n\n\n<li>Final 8\u2002\u2002\u2002\u20024 de junho<\/li>\n\n\n\n<li>Final 9\u2002\u2002\u2002\u20025 de junho<\/li>\n\n\n\n<li>Final 0\u2002\u2002\u2002\u20026 de junho<\/li>\n<\/ul>\n\n\n\n<h2 class=\"wp-block-heading\">Quem ganha acima de um sal\u00e1rio-m\u00ednimo<\/h2>\n\n\n\n<ul class=\"wp-block-list\">\n<li>Final 1 e 6\u2002\u2002\u2002\u20022 de junho<\/li>\n\n\n\n<li>Final 2 e 7\u2002\u2002\u2002\u20023 de junho<\/li>\n\n\n\n<li>Final 3 e 8\u2002\u2002\u2002\u20024 de junho<\/li>\n\n\n\n<li>Final 4 e 9 \u2002\u2002\u2002\u20025 de junho<\/li>\n\n\n\n<li>Final 5 e 0 \u2002\u2002\u2002\u20026 de junho<\/li>\n<\/ul>\n\n\n\n<h2 class=\"wp-block-heading\">Mensalidades antigas<\/h2>\n\n\n\n<p>Para reaver o valor de mensalidades associativas antigas, o aposentado ou pensionista dever\u00e1 informar ao INSS que n\u00e3o reconhece autoriza\u00e7\u00e3o para o d\u00e9bito em folha. O pedido deve ser feito pelo Meu INSS (aplicativo ou site) ou pelo telefone 135. N\u00e3o \u00e9 necess\u00e1rio enviar documentos nem oferecer qualquer informa\u00e7\u00e3o, al\u00e9m de dizer se autorizou ou n\u00e3o os descontos.<\/p>\n\n\n\n<p>O INSS vai acionar a entidade para que comprove a autoriza\u00e7\u00e3o. Caso n\u00e3o haja comprova\u00e7\u00e3o, a entidade dever\u00e1 devolver os recursos ao Instituto, que posteriormente far\u00e1 o repasse ao benefici\u00e1rio. A devolu\u00e7\u00e3o ser\u00e1 feita pelo INSS, pelo mesmo meio que faz os pagamentos regulares \u2013 seja conta banc\u00e1ria ou cart\u00e3o magn\u00e9tico.<\/p>\n\n\n\n<p>Para evitar que os benefici\u00e1rios seja v\u00edtimas de novos golpes, o INSS alerta que n\u00e3o realiza atendimento, nem pede que documentos pessoais, fotos, senhas ou dados banc\u00e1rios sejam enviados por meio de redes sociais ou aplicativos como o WhatsApp.<\/p>\n\n\n\n<p>Todos os servi\u00e7os e informa\u00e7\u00f5es sobre benef\u00edcios devem ser acessados apenas pelos canais oficiais, como o <a href=\"https:\/\/meu.inss.gov.br\/#\/login\" target=\"_blank\" rel=\"noreferrer noopener\">site<\/a> Meu INSS, o Aplicativo Meu INSS ou o telefone 135.<\/p>\n\n\n\n<p><\/p>\n\n\n\n<p><strong><em>Fonte: Ag\u00eancia Brasil<\/em><\/strong><\/p>\n","protected":false},"excerpt":{"rendered":"<p>O Instituto Nacional do Seguro Social (INSS) come\u00e7a a restituir, nesta segunda-feira (26), os valores relativos a mensalidades associativas descontadas<\/p>\n","protected":false},"author":1,"featured_media":10713,"comment_status":"open","ping_status":"open","sticky":false,"template":"","format":"standard","meta":{"footnotes":""},"categories":[2],"tags":[],"class_list":["post-10712","post","type-post","status-publish","format-standard","has-post-thumbnail","hentry","category-noticias"],"_links":{"self":[{"href":"https:\/\/jornaloalvorada.com.br\/site\/wp-json\/wp\/v2\/posts\/10712","targetHints":{"allow":["GET"]}}],"collection":[{"href":"https:\/\/jornaloalvorada.com.br\/site\/wp-json\/wp\/v2\/posts"}],"about":[{"href":"https:\/\/jornaloalvorada.com.br\/site\/wp-json\/wp\/v2\/types\/post"}],"author":[{"embeddable":true,"href":"https:\/\/jornaloalvorada.com.br\/site\/wp-json\/wp\/v2\/users\/1"}],"replies":[{"embeddable":true,"href":"https:\/\/jornaloalvorada.com.br\/site\/wp-json\/wp\/v2\/comments?post=10712"}],"version-history":[{"count":1,"href":"https:\/\/jornaloalvorada.com.br\/site\/wp-json\/wp\/v2\/posts\/10712\/revisions"}],"predecessor-version":[{"id":10714,"href":"https:\/\/jornaloalvorada.com.br\/site\/wp-json\/wp\/v2\/posts\/10712\/revisions\/10714"}],"wp:featuredmedia":[{"embeddable":true,"href":"https:\/\/jornaloalvorada.com.br\/site\/wp-json\/wp\/v2\/media\/10713"}],"wp:attachment":[{"href":"https:\/\/jornaloalvorada.com.br\/site\/wp-json\/wp\/v2\/media?parent=10712"}],"wp:term":[{"taxonomy":"category","embeddable":true,"href":"https:\/\/jornaloalvorada.com.br\/site\/wp-json\/wp\/v2\/categories?post=10712"},{"taxonomy":"post_tag","embeddable":true,"href":"https:\/\/jornaloalvorada.com.br\/site\/wp-json\/wp\/v2\/tags?post=10712"}],"curies":[{"name":"wp","href":"https:\/\/api.w.org\/{rel}","templated":true}]}}