{"id":10709,"date":"2025-05-26T10:52:27","date_gmt":"2025-05-26T14:52:27","guid":{"rendered":"https:\/\/jornaloalvorada.com.br\/site\/?p=10709"},"modified":"2025-05-26T10:52:28","modified_gmt":"2025-05-26T14:52:28","slug":"proximidade-de-frio-intenso-renova-alerta-para-risco-de-morte-de-animais-por-hipotermia-veja-medidas-preventivas","status":"publish","type":"post","link":"https:\/\/jornaloalvorada.com.br\/site\/2025\/05\/26\/proximidade-de-frio-intenso-renova-alerta-para-risco-de-morte-de-animais-por-hipotermia-veja-medidas-preventivas\/","title":{"rendered":"Proximidade de frio intenso renova alerta para risco de morte de animais por hipotermia; veja medidas preventivas"},"content":{"rendered":"\n<p>A primeira onda de frio intenso no ano atingir\u00e1 o Estado no fim de maio e se estender\u00e1 durante a primeira semana de junho. Os term\u00f4metros podem chegar a zero grau em algumas localidades, conforme an\u00e1lise dos t\u00e9cnicos do Cemtec\/MS (Centro de Monitoramento do Tempo e do Clima), \u00f3rg\u00e3o vinculado \u00e0 Secretaria de Meio Ambiente, Desenvolvimento, Ci\u00eancia, Tecnologia e Inova\u00e7\u00e3o (Semadesc).<\/p>\n\n\n\n<p>Diante disso, a Iagro (Ag\u00eancia Estadual de Vigil\u00e2ncia Sanit\u00e1ria Animal e Vegetal), tamb\u00e9m vinculada \u00e0 Semadesc, alerta para os riscos da hipotermia que tem matado milhares de cabe\u00e7as de gado nos anos anteriores.<\/p>\n\n\n\n<p>A hipotermia \u00e9 causada pela exposi\u00e7\u00e3o prolongada a baixas temperaturas, especialmente em animais debilitados ou mal-nutridos, alerta a Iagro em nota t\u00e9cnica. A falta de suplementa\u00e7\u00e3o alimentar adequada, a aus\u00eancia de abrigos contra intemp\u00e9ries, al\u00e9m de aspectos relacionados \u00e0 idade, ra\u00e7a e localiza\u00e7\u00e3o dos animais na propriedade s\u00e3o fatores que agravam a situa\u00e7\u00e3o.<\/p>\n\n\n\n<p>No ano passado a hipotermia matou mais de 3 mil bovinos em 38 ocorr\u00eancias registradas em 14 munic\u00edpios. Em 2023 morreram pelo mesmo motivo 2.725 bovinos em fazendas de Mato Grosso do Sul. O risco, portanto, \u00e9 real e alguns cuidados devem ser tomados para proteger o rebanho do frio.<\/p>\n\n\n\n<p>A colabora\u00e7\u00e3o dos produtores \u00e9 essencial para manter a sanidade do rebanho, garantir a seguran\u00e7a sanit\u00e1ria e alimentar do Estado, bem como preservar a credibilidade do setor produtivo de Mato Grosso do Sul no mercado nacional e internacional.<\/p>\n\n\n\n<p>As medidas preventivas recomendas pela Iagro aos produtores para prevenir da hipotermia s\u00e3o: garantir suplementa\u00e7\u00e3o alimentar suficiente, especialmente nos per\u00edodos secos e durante as frentes frias; providenciar abrigos ou \u00e1reas protegidas para minimizar os efeitos de condi\u00e7\u00f5es clim\u00e1ticas extremas; manter o acompanhamento veterin\u00e1rio regular do rebanho; e seguir rigorosamente o calend\u00e1rio oficial de vacina\u00e7\u00e3o e manejo sanit\u00e1rio.<\/p>\n\n\n\n<p>Em caso de mortalidade anormal de bovinos, a notifica\u00e7\u00e3o deve ser realizada pelos canais oficiais da Iagro descritos na nota t\u00e9cnica.<\/p>\n\n\n\n<p>Confira na \u00edntegra&nbsp;<a href=\"https:\/\/www.semadesc.ms.gov.br\/wp-content\/uploads\/2025\/05\/NOTA-TECNICA_HIPOTERMIA.pdf\"><strong>AQUI<\/strong><\/a>&nbsp;a nota t\u00e9cnica da Iagro.<\/p>\n\n\n\n<p><em>Jo\u00e3o Prestes, Comunica\u00e7\u00e3o Semadesc<\/em><br><em>Foto: Arquivo\/Iagro<\/em><\/p>\n","protected":false},"excerpt":{"rendered":"<p>A primeira onda de frio intenso no ano atingir\u00e1 o Estado no fim de maio e se estender\u00e1 durante a<\/p>\n","protected":false},"author":1,"featured_media":10710,"comment_status":"open","ping_status":"open","sticky":false,"template":"","format":"standard","meta":{"footnotes":""},"categories":[2],"tags":[],"class_list":["post-10709","post","type-post","status-publish","format-standard","has-post-thumbnail","hentry","category-noticias"],"_links":{"self":[{"href":"https:\/\/jornaloalvorada.com.br\/site\/wp-json\/wp\/v2\/posts\/10709","targetHints":{"allow":["GET"]}}],"collection":[{"href":"https:\/\/jornaloalvorada.com.br\/site\/wp-json\/wp\/v2\/posts"}],"about":[{"href":"https:\/\/jornaloalvorada.com.br\/site\/wp-json\/wp\/v2\/types\/post"}],"author":[{"embeddable":true,"href":"https:\/\/jornaloalvorada.com.br\/site\/wp-json\/wp\/v2\/users\/1"}],"replies":[{"embeddable":true,"href":"https:\/\/jornaloalvorada.com.br\/site\/wp-json\/wp\/v2\/comments?post=10709"}],"version-history":[{"count":1,"href":"https:\/\/jornaloalvorada.com.br\/site\/wp-json\/wp\/v2\/posts\/10709\/revisions"}],"predecessor-version":[{"id":10711,"href":"https:\/\/jornaloalvorada.com.br\/site\/wp-json\/wp\/v2\/posts\/10709\/revisions\/10711"}],"wp:featuredmedia":[{"embeddable":true,"href":"https:\/\/jornaloalvorada.com.br\/site\/wp-json\/wp\/v2\/media\/10710"}],"wp:attachment":[{"href":"https:\/\/jornaloalvorada.com.br\/site\/wp-json\/wp\/v2\/media?parent=10709"}],"wp:term":[{"taxonomy":"category","embeddable":true,"href":"https:\/\/jornaloalvorada.com.br\/site\/wp-json\/wp\/v2\/categories?post=10709"},{"taxonomy":"post_tag","embeddable":true,"href":"https:\/\/jornaloalvorada.com.br\/site\/wp-json\/wp\/v2\/tags?post=10709"}],"curies":[{"name":"wp","href":"https:\/\/api.w.org\/{rel}","templated":true}]}}