{"id":10469,"date":"2025-05-08T18:05:08","date_gmt":"2025-05-08T22:05:08","guid":{"rendered":"https:\/\/jornaloalvorada.com.br\/site\/?p=10469"},"modified":"2025-05-08T18:05:10","modified_gmt":"2025-05-08T22:05:10","slug":"prefeito-jose-paleari-da-inicio-a-campanha-maio-amarelo-em-nova-alvorada-do-sul","status":"publish","type":"post","link":"https:\/\/jornaloalvorada.com.br\/site\/2025\/05\/08\/prefeito-jose-paleari-da-inicio-a-campanha-maio-amarelo-em-nova-alvorada-do-sul\/","title":{"rendered":"Prefeito Jos\u00e9 Paleari d\u00e1 in\u00edcio a campanha Maio Amarelo em Nova Alvorada do Sul"},"content":{"rendered":"\n<p>Maio Amarelo \u00e9 muito mais do que uma simples campanha, \u00e9 o momento de toda a sociedade se unir pela valoriza\u00e7\u00e3o da vida no tr\u00e2nsito.<\/p>\n\n\n\n<p><img loading=\"lazy\" decoding=\"async\" height=\"16\" width=\"16\" alt=\"\ud83d\ude98\" src=\"https:\/\/static.xx.fbcdn.net\/images\/emoji.php\/v9\/t6d\/1\/16\/1f698.png\"> \u00c9 preciso repensar atitudes e avaliar maneiras de se chegar ao destino com seguran\u00e7a. Desacelerar \u00e9 parte fundamental deste processo, pois a vida est\u00e1 em primeiro lugar.<\/p>\n\n\n\n<p><img loading=\"lazy\" decoding=\"async\" height=\"16\" width=\"16\" alt=\"\ud83d\udeb8\" src=\"https:\/\/static.xx.fbcdn.net\/images\/emoji.php\/v9\/te4\/1\/16\/1f6b8.png\"> \u201cDesacelere. Seu bem maior \u00e9 a vida\u201d<\/p>\n","protected":false},"excerpt":{"rendered":"<p>Maio Amarelo \u00e9 muito mais do que uma simples campanha, \u00e9 o momento de toda a sociedade se unir pela<\/p>\n","protected":false},"author":1,"featured_media":10470,"comment_status":"open","ping_status":"open","sticky":false,"template":"","format":"standard","meta":{"footnotes":""},"categories":[2],"tags":[],"class_list":["post-10469","post","type-post","status-publish","format-standard","has-post-thumbnail","hentry","category-noticias"],"_links":{"self":[{"href":"https:\/\/jornaloalvorada.com.br\/site\/wp-json\/wp\/v2\/posts\/10469","targetHints":{"allow":["GET"]}}],"collection":[{"href":"https:\/\/jornaloalvorada.com.br\/site\/wp-json\/wp\/v2\/posts"}],"about":[{"href":"https:\/\/jornaloalvorada.com.br\/site\/wp-json\/wp\/v2\/types\/post"}],"author":[{"embeddable":true,"href":"https:\/\/jornaloalvorada.com.br\/site\/wp-json\/wp\/v2\/users\/1"}],"replies":[{"embeddable":true,"href":"https:\/\/jornaloalvorada.com.br\/site\/wp-json\/wp\/v2\/comments?post=10469"}],"version-history":[{"count":1,"href":"https:\/\/jornaloalvorada.com.br\/site\/wp-json\/wp\/v2\/posts\/10469\/revisions"}],"predecessor-version":[{"id":10471,"href":"https:\/\/jornaloalvorada.com.br\/site\/wp-json\/wp\/v2\/posts\/10469\/revisions\/10471"}],"wp:featuredmedia":[{"embeddable":true,"href":"https:\/\/jornaloalvorada.com.br\/site\/wp-json\/wp\/v2\/media\/10470"}],"wp:attachment":[{"href":"https:\/\/jornaloalvorada.com.br\/site\/wp-json\/wp\/v2\/media?parent=10469"}],"wp:term":[{"taxonomy":"category","embeddable":true,"href":"https:\/\/jornaloalvorada.com.br\/site\/wp-json\/wp\/v2\/categories?post=10469"},{"taxonomy":"post_tag","embeddable":true,"href":"https:\/\/jornaloalvorada.com.br\/site\/wp-json\/wp\/v2\/tags?post=10469"}],"curies":[{"name":"wp","href":"https:\/\/api.w.org\/{rel}","templated":true}]}}