{"id":10466,"date":"2025-05-08T17:52:59","date_gmt":"2025-05-08T21:52:59","guid":{"rendered":"https:\/\/jornaloalvorada.com.br\/site\/?p=10466"},"modified":"2025-05-08T17:53:03","modified_gmt":"2025-05-08T21:53:03","slug":"papa-leao-xiv-robert-prevost-dos-eua-e-anunciado-como-novo-papa","status":"publish","type":"post","link":"https:\/\/jornaloalvorada.com.br\/site\/2025\/05\/08\/papa-leao-xiv-robert-prevost-dos-eua-e-anunciado-como-novo-papa\/","title":{"rendered":"PAPA LE\u00c3O XIV: Robert Prevost dos EUA \u00e9 anunciado como novo papa"},"content":{"rendered":"\n<p>A t\u00e3o esperada fuma\u00e7a branca que anuncia a elei\u00e7\u00e3o do novo papa foi expelida nesta quinta-feira (8) da chamin\u00e9 da capela Sistina, no segundo dia de conclave. O cardeal Robert Francis Prevost foi eleito pelos colegas e ser\u00e1 conhecido a partir de agora como Le\u00e3o 14.<\/p>\n\n\n\n<p>Ele foi escolhido por pelo menos 89 dos 133 cardeais \u2013 dois ter\u00e7os dos eleitores do conclave \u2013 e ser\u00e1 o sucessor do papa Francisco na C\u00e1tedra de S\u00e3o Pedro.<\/p>\n\n\n\n<p>Quem \u00e9 o novo papa<\/p>\n\n\n\n<p>Nascido em Chicago, nos Estados Unidos, Prevost tem 69 anos e se torna o primeiro papa norte-americano da hist\u00f3ria da Igreja. \u00c9 tamb\u00e9m o primeiro pont\u00edfice vindo de um pa\u00eds de maioria protestante.<\/p>\n\n\n\n<p>Apesar da origem norte-americana, Prevost construiu grande parte de sua trajet\u00f3ria religiosa na Am\u00e9rica Latina, especialmente no Peru. Foi l\u00e1 que se destacou at\u00e9 alcan\u00e7ar os cargos mais altos da C\u00faria Romana.<\/p>\n\n\n\n<p>Ao ser eleito, ocupava duas fun\u00e7\u00f5es importantes no Vaticano: prefeito do Dicast\u00e9rio para os Bispos \u2014 \u00f3rg\u00e3o respons\u00e1vel pela nomea\u00e7\u00e3o de bispos \u2014 e presidente da Comiss\u00e3o Pontif\u00edcia para a Am\u00e9rica Latina.<\/p>\n\n\n\n<p>De perfil discreto e voz tranquila, Prevost costuma evitar os holofotes e entrevistas. No entanto, \u00e9 visto como um reformista, alinhado \u00e0 linha de abertura implementada por Francisco. Tem forma\u00e7\u00e3o s\u00f3lida em teologia e \u00e9 considerado um profundo conhecedor da lei can\u00f4nica, que rege a Igreja Cat\u00f3lica.<\/p>\n\n\n\n<p>Entrou para a vida religiosa aos 22 anos. Formou-se em teologia na Uni\u00e3o Teol\u00f3gica Cat\u00f3lica de Chicago e, aos 27, foi enviado a Roma para estudar direito can\u00f4nico na Universidade de S\u00e3o Tom\u00e1s de Aquino.<\/p>\n\n\n\n<p>Foi ordenado padre em 1982 e, dois anos depois, iniciou sua atua\u00e7\u00e3o mission\u00e1ria no Peru \u2014 primeiro em Piura, depois em Trujillo, onde permaneceu por dez anos, inclusive durante o governo autorit\u00e1rio de Alberto Fujimori. Prevost chegou a cobrar desculpas p\u00fablicas pelas injusti\u00e7as cometidas no per\u00edodo.<\/p>\n\n\n\n<p>Em 2014, foi nomeado administrador da Diocese de Chiclayo, cargo em que foi ordenado bispo e permaneceu por nove anos. Nesse per\u00edodo, enfrentou a principal crise de sua trajet\u00f3ria: em 2023, tr\u00eas mulheres acusaram Prevost de acobertar casos de abuso sexual cometidos por dois padres no Peru, quando elas ainda eram crian\u00e7as.<\/p>\n\n\n\n<p>Segundo as den\u00fancias, uma das v\u00edtimas telefonou para Prevost em 2020. Dois anos depois, ele recebeu formalmente os relatos e encaminhou o caso ao Vaticano. Um dos padres foi afastado preventivamente e o outro j\u00e1 n\u00e3o exercia mais fun\u00e7\u00f5es por quest\u00f5es de sa\u00fade. A diocese peruana nega qualquer acobertamento e afirma que Prevost seguiu os tr\u00e2mites exigidos pela legisla\u00e7\u00e3o da Igreja. O Vaticano ainda n\u00e3o concluiu a investiga\u00e7\u00e3o.<\/p>\n\n\n\n<p>Durante sua passagem pelo Peru, Prevost tamb\u00e9m ocupou cargos de destaque na Confer\u00eancia Episcopal local e foi nomeado para a Congrega\u00e7\u00e3o do Clero e, depois, para a Congrega\u00e7\u00e3o para os Bispos. Em 2023, recebeu o t\u00edtulo de cardeal \u2014 fun\u00e7\u00e3o que ocupou por menos de dois anos antes de se tornar papa, algo raro na Igreja moderna.<\/p>\n\n\n\n<p>Durante a interna\u00e7\u00e3o de Francisco, Prevost foi o respons\u00e1vel por liderar uma ora\u00e7\u00e3o p\u00fablica no Vaticano pela sa\u00fade do ent\u00e3o pont\u00edfice.<\/p>\n\n\n\n<p><strong><em>Fonte: G1<\/em><\/strong><\/p>\n","protected":false},"excerpt":{"rendered":"<p>A t\u00e3o esperada fuma\u00e7a branca que anuncia a elei\u00e7\u00e3o do novo papa foi expelida nesta quinta-feira (8) da chamin\u00e9 da<\/p>\n","protected":false},"author":1,"featured_media":10467,"comment_status":"open","ping_status":"open","sticky":false,"template":"","format":"standard","meta":{"footnotes":""},"categories":[2],"tags":[],"class_list":["post-10466","post","type-post","status-publish","format-standard","has-post-thumbnail","hentry","category-noticias"],"_links":{"self":[{"href":"https:\/\/jornaloalvorada.com.br\/site\/wp-json\/wp\/v2\/posts\/10466","targetHints":{"allow":["GET"]}}],"collection":[{"href":"https:\/\/jornaloalvorada.com.br\/site\/wp-json\/wp\/v2\/posts"}],"about":[{"href":"https:\/\/jornaloalvorada.com.br\/site\/wp-json\/wp\/v2\/types\/post"}],"author":[{"embeddable":true,"href":"https:\/\/jornaloalvorada.com.br\/site\/wp-json\/wp\/v2\/users\/1"}],"replies":[{"embeddable":true,"href":"https:\/\/jornaloalvorada.com.br\/site\/wp-json\/wp\/v2\/comments?post=10466"}],"version-history":[{"count":1,"href":"https:\/\/jornaloalvorada.com.br\/site\/wp-json\/wp\/v2\/posts\/10466\/revisions"}],"predecessor-version":[{"id":10468,"href":"https:\/\/jornaloalvorada.com.br\/site\/wp-json\/wp\/v2\/posts\/10466\/revisions\/10468"}],"wp:featuredmedia":[{"embeddable":true,"href":"https:\/\/jornaloalvorada.com.br\/site\/wp-json\/wp\/v2\/media\/10467"}],"wp:attachment":[{"href":"https:\/\/jornaloalvorada.com.br\/site\/wp-json\/wp\/v2\/media?parent=10466"}],"wp:term":[{"taxonomy":"category","embeddable":true,"href":"https:\/\/jornaloalvorada.com.br\/site\/wp-json\/wp\/v2\/categories?post=10466"},{"taxonomy":"post_tag","embeddable":true,"href":"https:\/\/jornaloalvorada.com.br\/site\/wp-json\/wp\/v2\/tags?post=10466"}],"curies":[{"name":"wp","href":"https:\/\/api.w.org\/{rel}","templated":true}]}}