{"id":10340,"date":"2025-04-25T08:57:46","date_gmt":"2025-04-25T12:57:46","guid":{"rendered":"https:\/\/jornaloalvorada.com.br\/site\/?p=10340"},"modified":"2025-04-25T08:57:47","modified_gmt":"2025-04-25T12:57:47","slug":"ex-presidente-fernando-collor-e-preso-em-maceio","status":"publish","type":"post","link":"https:\/\/jornaloalvorada.com.br\/site\/2025\/04\/25\/ex-presidente-fernando-collor-e-preso-em-maceio\/","title":{"rendered":"Ex-presidente Fernando Collor \u00e9 preso em Macei\u00f3"},"content":{"rendered":"\n<p>O ex-presidente da Rep\u00fablica Fernando Collor de Mello foi preso na manh\u00e3 desta sexta-feira (25) em Macei\u00f3. Segundo sua defesa, a pris\u00e3o ocorreu&nbsp;\u00e0s 4h, quando o pol\u00edtico se deslocava para Bras\u00edlia.<img decoding=\"async\" src=\"https:\/\/agenciabrasil.ebc.com.br\/ebc.png?id=1640218&amp;o=node\"><img decoding=\"async\" src=\"https:\/\/agenciabrasil.ebc.com.br\/ebc.gif?id=1640218&amp;o=node\"><\/p>\n\n\n\n<p><strong>Ainda de acordo com a defesa de Collor, que tamb\u00e9m \u00e9 ex-senador, ele se deslocava para Bras\u00edlia para o cumprimento espont\u00e2neo do mandado de pris\u00e3o.<\/strong><\/p>\n\n\n\n<p>Depois da pris\u00e3o, o ex-presidente&nbsp;foi encaminhado para a Superintend\u00eancia da Pol\u00edcia Federal em Alagoas.<\/p>\n\n\n\n<p><strong>A pris\u00e3o de Collor foi determinada pelo ministro do Supremo Tribunal Federal (STF) <a href=\"https:\/\/agenciabrasil.ebc.com.br\/justica\/noticia\/2025-04\/moraes-manda-prender-ex-presidente-fernando-collor\" target=\"_blank\" rel=\"noreferrer noopener\">Alexandre de Moraes<\/a>, ap\u00f3s negar recurso da defesa para rever uma condena\u00e7\u00e3o, de 2023, a 8 anos e 10 meses de pris\u00e3o por corrup\u00e7\u00e3o passiva e lavagem de dinheiro.<\/strong><\/p>\n\n\n\n<p>Uma sess\u00e3o virtual ser\u00e1 realizada pelo STF, para referendar a decis\u00e3o de Moraes, das 11h \u00e0s 23h59 desta sexta-feira (25).<\/p>\n\n\n\n<p><strong>Collor foi <a href=\"https:\/\/agenciabrasil.ebc.com.br\/justica\/noticia\/2023-05\/stf-condena-collor-oito-anos-e-dez-meses-de-prisao\" target=\"_blank\" rel=\"noreferrer noopener\">condenado em maio de 2023<\/a> a 4 anos e 4 meses pelo crime de corrup\u00e7\u00e3o passiva e a 4 anos e 6 meses por lavagem de dinheiro<\/strong>. A acusa\u00e7\u00e3o de associa\u00e7\u00e3o criminosa prescreveu porque Collor tem mais de 70 anos.&nbsp;<\/p>\n\n\n\n<p>No julgamento, que durou sete sess\u00f5es, o STF considerou que Collor, como dirigente do Partido Trabalhista Brasileiro (PTB), foi respons\u00e1vel pelas indica\u00e7\u00f5es pol\u00edticas para a BR Distribuidora, ent\u00e3o estatal subsidi\u00e1ria da Petrobras, e teria recebido R$ 20 milh\u00f5es em vantagens indevidas em contratos da empresa, entre 2010 e 2014.<\/p>\n\n\n\n<p>Em novembro do ano passado, o STF manteve a condena\u00e7\u00e3o, depois de rejeitar os recursos da defesa para reformar a condena\u00e7\u00e3o.<\/p>\n\n\n\n<p>Na \u00faltima quinta-feira (24), Moraes rejeitou um <a href=\"https:\/\/noticias-stf-wp-prd.s3.sa-east-1.amazonaws.com\/wp-content\/uploads\/wpallimport\/uploads\/2025\/04\/24211147\/Decisoes-AP-1025.pdf\" target=\"_blank\" rel=\"noreferrer noopener\">segundo recurso da defesa<\/a>, por consider\u00e1-lo meramente protelat\u00f3rio, e determinou a pris\u00e3o imediata do ex-presidente.<\/p>\n\n\n\n<p><strong><em>Fonte: Ag\u00eancia Brasil<\/em><\/strong><\/p>\n","protected":false},"excerpt":{"rendered":"<p>O ex-presidente da Rep\u00fablica Fernando Collor de Mello foi preso na manh\u00e3 desta sexta-feira (25) em Macei\u00f3. Segundo sua defesa,<\/p>\n","protected":false},"author":1,"featured_media":10341,"comment_status":"open","ping_status":"open","sticky":false,"template":"","format":"standard","meta":{"footnotes":""},"categories":[2],"tags":[],"class_list":["post-10340","post","type-post","status-publish","format-standard","has-post-thumbnail","hentry","category-noticias"],"_links":{"self":[{"href":"https:\/\/jornaloalvorada.com.br\/site\/wp-json\/wp\/v2\/posts\/10340","targetHints":{"allow":["GET"]}}],"collection":[{"href":"https:\/\/jornaloalvorada.com.br\/site\/wp-json\/wp\/v2\/posts"}],"about":[{"href":"https:\/\/jornaloalvorada.com.br\/site\/wp-json\/wp\/v2\/types\/post"}],"author":[{"embeddable":true,"href":"https:\/\/jornaloalvorada.com.br\/site\/wp-json\/wp\/v2\/users\/1"}],"replies":[{"embeddable":true,"href":"https:\/\/jornaloalvorada.com.br\/site\/wp-json\/wp\/v2\/comments?post=10340"}],"version-history":[{"count":1,"href":"https:\/\/jornaloalvorada.com.br\/site\/wp-json\/wp\/v2\/posts\/10340\/revisions"}],"predecessor-version":[{"id":10342,"href":"https:\/\/jornaloalvorada.com.br\/site\/wp-json\/wp\/v2\/posts\/10340\/revisions\/10342"}],"wp:featuredmedia":[{"embeddable":true,"href":"https:\/\/jornaloalvorada.com.br\/site\/wp-json\/wp\/v2\/media\/10341"}],"wp:attachment":[{"href":"https:\/\/jornaloalvorada.com.br\/site\/wp-json\/wp\/v2\/media?parent=10340"}],"wp:term":[{"taxonomy":"category","embeddable":true,"href":"https:\/\/jornaloalvorada.com.br\/site\/wp-json\/wp\/v2\/categories?post=10340"},{"taxonomy":"post_tag","embeddable":true,"href":"https:\/\/jornaloalvorada.com.br\/site\/wp-json\/wp\/v2\/tags?post=10340"}],"curies":[{"name":"wp","href":"https:\/\/api.w.org\/{rel}","templated":true}]}}