{"id":10337,"date":"2025-04-25T08:55:01","date_gmt":"2025-04-25T12:55:01","guid":{"rendered":"https:\/\/jornaloalvorada.com.br\/site\/?p=10337"},"modified":"2025-04-25T08:55:03","modified_gmt":"2025-04-25T12:55:03","slug":"governo-de-mato-grosso-do-sul-destina-r-36-milhoes-para-reestruturacao-da-atencao-primaria-a-saude","status":"publish","type":"post","link":"https:\/\/jornaloalvorada.com.br\/site\/2025\/04\/25\/governo-de-mato-grosso-do-sul-destina-r-36-milhoes-para-reestruturacao-da-atencao-primaria-a-saude\/","title":{"rendered":"Governo de Mato Grosso do Sul destina R$ 36 milh\u00f5es para reestrutura\u00e7\u00e3o da Aten\u00e7\u00e3o Prim\u00e1ria \u00e0 Sa\u00fade"},"content":{"rendered":"\n<p>Com o compromisso de fortalecer a base do SUS (Sistema \u00danico de Sa\u00fade) e garantir um atendimento mais qualificado \u00e0 popula\u00e7\u00e3o, o Governo de Mato Grosso do Sul, por meio da SES (Secretaria de Estado de Sa\u00fade), est\u00e1 investindo R$ 36 milh\u00f5es na reestrutura\u00e7\u00e3o da APS (Aten\u00e7\u00e3o Prim\u00e1ria \u00e0 Sa\u00fade) em todos os munic\u00edpios do estado.<\/p>\n\n\n\n<p>A iniciativa integra o Programa Estadual Reestrutura APS, institu\u00eddo pela Resolu\u00e7\u00e3o n\u00ba 169\/SES\/MS, publicada no Di\u00e1rio Oficial do Estado n\u00ba 11.399, de 26 de janeiro de 2024. O programa tem como principal objetivo o fortalecimento da infraestrutura das USF (Unidades de Sa\u00fade da Fam\u00edlia), promovendo maior resolutividade e qualidade nos servi\u00e7os prestados \u00e0 popula\u00e7\u00e3o.<\/p>\n\n\n\n<p>Cada USF recebeu o valor de R$ 30 mil em parcela \u00fanica, destinado \u00e0 aquisi\u00e7\u00e3o de equipamentos essenciais para o cotidiano das equipes, tais como ar-condicionado, mesa ginecol\u00f3gica, balan\u00e7a port\u00e1til, detector fetal e biombo. A ades\u00e3o ao programa foi feita pelos secret\u00e1rios municipais de Sa\u00fade, com base na demanda e na estrutura de cada unidade.<\/p>\n\n\n\n<p>Do montante total, mais de R$ 19 milh\u00f5es foram destinados \u00e0s equipes da Estrat\u00e9gia Sa\u00fade da Fam\u00edlia, enquanto R$ 16 milh\u00f5es est\u00e3o sendo investidos na aquisi\u00e7\u00e3o de equipamentos odontol\u00f3gicos modernos, ampliando a qualifica\u00e7\u00e3o da assist\u00eancia em sa\u00fade bucal oferecida \u00e0 popula\u00e7\u00e3o sul-mato-grossense.<\/p>\n\n\n\n<p>At\u00e9 o momento, 11 munic\u00edpios j\u00e1 receberam os novos equipamentos, entre eles Anast\u00e1cio, Aparecida do Taboado, Aquidauana, Cassil\u00e2ndia, Iguatemi e Mundo Novo. Os demais munic\u00edpios est\u00e3o em fase de conclus\u00e3o dos processos licitat\u00f3rios, respeitando os tr\u00e2mites legais para aquisi\u00e7\u00e3o dos itens.<\/p>\n\n\n\n<p>Para garantir execu\u00e7\u00e3o plena do programa, o Governo do Estado tamb\u00e9m prorrogou por mais um ano o prazo para que os munic\u00edpios finalizem suas aquisi\u00e7\u00f5es, assegurando que nenhuma unidade fique de fora desse processo de moderniza\u00e7\u00e3o.<\/p>\n\n\n\n<p>\u201cEsse investimento \u00e9 fundamental para garantir melhores condi\u00e7\u00f5es de trabalho \u00e0s equipes e, principalmente, para oferecer um atendimento mais qualificado \u00e0 popula\u00e7\u00e3o. A Aten\u00e7\u00e3o Prim\u00e1ria \u00e9 a porta de entrada do SUS, e fortalecer essa base \u00e9 fortalecer todo o sistema de sa\u00fade\u201d, destaca Bruno Reis, gerente de Gest\u00e3o da Aten\u00e7\u00e3o Prim\u00e1ria \u00e0 Sa\u00fade da SES.<\/p>\n\n\n\n<p>Com essa a\u00e7\u00e3o, o Governo de Mato Grosso do Sul reafirma seu compromisso com o fortalecimento da sa\u00fade p\u00fablica, com foco na valoriza\u00e7\u00e3o das equipes, na moderniza\u00e7\u00e3o das estruturas e, sobretudo, na dignidade do cuidado ofertado aos cidad\u00e3os.<\/p>\n\n\n\n<p><em>Dan\u00fabia Burema, Comunica\u00e7\u00e3o SES<br>Foto: Ag\u00eancia Brasil&nbsp;<\/em><\/p>\n","protected":false},"excerpt":{"rendered":"<p>Com o compromisso de fortalecer a base do SUS (Sistema \u00danico de Sa\u00fade) e garantir um atendimento mais qualificado \u00e0<\/p>\n","protected":false},"author":1,"featured_media":10338,"comment_status":"open","ping_status":"open","sticky":false,"template":"","format":"standard","meta":{"footnotes":""},"categories":[2],"tags":[],"class_list":["post-10337","post","type-post","status-publish","format-standard","has-post-thumbnail","hentry","category-noticias"],"_links":{"self":[{"href":"https:\/\/jornaloalvorada.com.br\/site\/wp-json\/wp\/v2\/posts\/10337","targetHints":{"allow":["GET"]}}],"collection":[{"href":"https:\/\/jornaloalvorada.com.br\/site\/wp-json\/wp\/v2\/posts"}],"about":[{"href":"https:\/\/jornaloalvorada.com.br\/site\/wp-json\/wp\/v2\/types\/post"}],"author":[{"embeddable":true,"href":"https:\/\/jornaloalvorada.com.br\/site\/wp-json\/wp\/v2\/users\/1"}],"replies":[{"embeddable":true,"href":"https:\/\/jornaloalvorada.com.br\/site\/wp-json\/wp\/v2\/comments?post=10337"}],"version-history":[{"count":1,"href":"https:\/\/jornaloalvorada.com.br\/site\/wp-json\/wp\/v2\/posts\/10337\/revisions"}],"predecessor-version":[{"id":10339,"href":"https:\/\/jornaloalvorada.com.br\/site\/wp-json\/wp\/v2\/posts\/10337\/revisions\/10339"}],"wp:featuredmedia":[{"embeddable":true,"href":"https:\/\/jornaloalvorada.com.br\/site\/wp-json\/wp\/v2\/media\/10338"}],"wp:attachment":[{"href":"https:\/\/jornaloalvorada.com.br\/site\/wp-json\/wp\/v2\/media?parent=10337"}],"wp:term":[{"taxonomy":"category","embeddable":true,"href":"https:\/\/jornaloalvorada.com.br\/site\/wp-json\/wp\/v2\/categories?post=10337"},{"taxonomy":"post_tag","embeddable":true,"href":"https:\/\/jornaloalvorada.com.br\/site\/wp-json\/wp\/v2\/tags?post=10337"}],"curies":[{"name":"wp","href":"https:\/\/api.w.org\/{rel}","templated":true}]}}