{"id":10334,"date":"2025-04-25T08:53:23","date_gmt":"2025-04-25T12:53:23","guid":{"rendered":"https:\/\/jornaloalvorada.com.br\/site\/?p=10334"},"modified":"2025-04-25T08:53:25","modified_gmt":"2025-04-25T12:53:25","slug":"governo-reforca-seguranca-publica-com-investimento-de-r-44-milhoes-em-equipamentos-e-veiculos-para-a-pm","status":"publish","type":"post","link":"https:\/\/jornaloalvorada.com.br\/site\/2025\/04\/25\/governo-reforca-seguranca-publica-com-investimento-de-r-44-milhoes-em-equipamentos-e-veiculos-para-a-pm\/","title":{"rendered":"Governo refor\u00e7a seguran\u00e7a p\u00fablica com investimento de R$ 4,4 milh\u00f5es em equipamentos e ve\u00edculos para a PM"},"content":{"rendered":"\n<p>Para garantir mais efici\u00eancia nas a\u00e7\u00f5es de combate \u00e0 criminalidade e no atendimento \u00e0 popula\u00e7\u00e3o, o Governo do Estado entregou, na tarde desta quinta-feira (24), 42 motocicletas de alta cilindrada e 89 fuzis para a PMMS (Pol\u00edcia Militar de Mato Grosso do Sul). Os ve\u00edculos e equipamentos ser\u00e3o destinadas \u00e0s unidades militares de Campo Grande, Tr\u00eas Lagoas e Dourados.<\/p>\n\n\n\n<p>As motocicletas e o armamento t\u00eam como objetivo aumentar a capacidade de policiamento ostensivo, promover maior mobilidade operacional e refor\u00e7ar a seguran\u00e7a p\u00fablica em Mato Grosso do Sul. Os investimentos somam mais de R$ 4,4 milh\u00f5es.<\/p>\n\n\n\n<p>A solenidade de entrega aconteceu com a presen\u00e7a do governador Eduardo Riedel, acompanhado da primeira-dama do Estado, M\u00f4nica Riedel, do vice-governador Jos\u00e9 Carlos Barbosa (Barbosinha), do secret\u00e1rio de Governo e Gest\u00e3o Estrat\u00e9gica, Rodrigo Perez,&nbsp; e parlamentares e prefeitos, al\u00e9m de autoridades das for\u00e7as de seguran\u00e7a e das for\u00e7as armadas.<\/p>\n\n\n\n<p>Riedel destacou que a seguran\u00e7a p\u00fablica \u00e9 assunto priorit\u00e1rio, inclusive, na integra\u00e7\u00e3o sul-americana, com a Rota Bioce\u00e2nica, debatida ontem (23) em Bras\u00edlia, e que contou com a participa\u00e7\u00e3o de empres\u00e1rios e&nbsp; presidente do Chile. &#8220;Isso \u00e9 uma demonstra\u00e7\u00e3o clara da import\u00e2ncia da seguran\u00e7a p\u00fablica para o desenvolvimento dos pa\u00edses&#8221;, afirmou.<\/p>\n\n\n\n<figure class=\"wp-block-image\"><a href=\"https:\/\/agenciadenoticias.ms.gov.br\/wp-content\/uploads\/2025\/04\/Medalha-Tiradentes-Foto-Bruno-Rezende-23-scaled.jpg\"><img decoding=\"async\" src=\"https:\/\/agenciadenoticias.ms.gov.br\/wp-content\/uploads\/2025\/04\/Medalha-Tiradentes-Foto-Bruno-Rezende-23-1024x683.jpg\" alt=\"\"\/><\/a><\/figure>\n\n\n\n<figure class=\"wp-block-image\"><a href=\"https:\/\/agenciadenoticias.ms.gov.br\/wp-content\/uploads\/2025\/04\/Medalha-Tiradentes-Foto-Bruno-Rezende-21-scaled.jpg\"><img decoding=\"async\" src=\"https:\/\/agenciadenoticias.ms.gov.br\/wp-content\/uploads\/2025\/04\/Medalha-Tiradentes-Foto-Bruno-Rezende-21-1024x683.jpg\" alt=\"\"\/><\/a><\/figure>\n\n\n\n<figure class=\"wp-block-image\"><a href=\"https:\/\/agenciadenoticias.ms.gov.br\/wp-content\/uploads\/2025\/04\/Medalha-Tiradentes-Foto-Bruno-Rezende-15-scaled.jpg\"><img decoding=\"async\" src=\"https:\/\/agenciadenoticias.ms.gov.br\/wp-content\/uploads\/2025\/04\/Medalha-Tiradentes-Foto-Bruno-Rezende-15-1024x683.jpg\" alt=\"\"\/><\/a><\/figure>\n\n\n\n<figure class=\"wp-block-image\"><a href=\"https:\/\/agenciadenoticias.ms.gov.br\/wp-content\/uploads\/2025\/04\/Medalha-Tiradentes-Foto-Bruno-Rezende-07-scaled.jpg\"><img decoding=\"async\" src=\"https:\/\/agenciadenoticias.ms.gov.br\/wp-content\/uploads\/2025\/04\/Medalha-Tiradentes-Foto-Bruno-Rezende-07-1024x683.jpg\" alt=\"\"\/><\/a><\/figure>\n\n\n\n<p>O secret\u00e1rio de Estado de Justi\u00e7a e Seguran\u00e7a P\u00fablica, Antonio Carlos Videira, agradeceu o esfor\u00e7o do Governo e de parlamentares que contribu\u00edram com emendas para atua\u00e7\u00e3o da Pol\u00edcia sul-mato-grossense, considerada uma refer\u00eancia nacional.<\/p>\n\n\n\n<p>O recebimento dos equipamentos faz parte das comemora\u00e7\u00f5es dos 190 anos da PMMS e da outorga da Medalha Tiradentes \u2013 comenda concedida \u00e0s personalidades civis e militares que tenham prestado relevantes servi\u00e7os \u00e0 Corpora\u00e7\u00e3o, e aos policiais militares que se destacaram pelo o seu valor pessoal, contribuindo decisivamente para o aperfei\u00e7oamento e proje\u00e7\u00e3o da Institui\u00e7\u00e3o no \u00e2mbito nacional ou estadual. Este ano, &nbsp;127 personalidades foram homenageadas com a comenda, sendo 45 civis e militares de outras for\u00e7as e 82 policiais militares da PMMS.<\/p>\n\n\n\n<p>Em seu discurso direcionado \u00e0 tropa e convidados, o comandante-geral da PMMS, coronel Renato dos Anjos Garnes, afirmou que os equipamentos fortalecem a capacidade operacional da PMMS.<\/p>\n\n\n\n<p>&#8220;A Pol\u00edcia Militar de Mato Grosso do Sul reafirma o seu compromisso com os princ\u00edpios da boa governan\u00e7a p\u00fablica, com transpar\u00eancia e efici\u00eancia administrativa. Os avan\u00e7os fortalecem diretamente a manuten\u00e7\u00e3o da ordem p\u00fablica e a promo\u00e7\u00e3o da paz social&#8221;.<\/p>\n\n\n\n<figure class=\"wp-block-image\"><a href=\"https:\/\/agenciadenoticias.ms.gov.br\/wp-content\/uploads\/2025\/04\/Medalha-Tiradentes-Foto-Bruno-Rezende-01-scaled.jpg\"><img decoding=\"async\" src=\"https:\/\/agenciadenoticias.ms.gov.br\/wp-content\/uploads\/2025\/04\/Medalha-Tiradentes-Foto-Bruno-Rezende-01-1024x683.jpg\" alt=\"\"\/><\/a><\/figure>\n\n\n\n<figure class=\"wp-block-image\"><a href=\"https:\/\/agenciadenoticias.ms.gov.br\/wp-content\/uploads\/2025\/04\/Medalha-Tiradentes-Foto-Bruno-Rezende-22-scaled.jpg\"><img decoding=\"async\" src=\"https:\/\/agenciadenoticias.ms.gov.br\/wp-content\/uploads\/2025\/04\/Medalha-Tiradentes-Foto-Bruno-Rezende-22-1024x683.jpg\" alt=\"\"\/><\/a><\/figure>\n\n\n\n<figure class=\"wp-block-image\"><a href=\"https:\/\/agenciadenoticias.ms.gov.br\/wp-content\/uploads\/2025\/04\/Medalha-Tiradentes-Foto-Bruno-Rezende-02-scaled.jpg\"><img decoding=\"async\" src=\"https:\/\/agenciadenoticias.ms.gov.br\/wp-content\/uploads\/2025\/04\/Medalha-Tiradentes-Foto-Bruno-Rezende-02-1024x683.jpg\" alt=\"\"\/><\/a><\/figure>\n\n\n\n<figure class=\"wp-block-image\"><a href=\"https:\/\/agenciadenoticias.ms.gov.br\/wp-content\/uploads\/2025\/04\/Medalha-Tiradentes-Foto-Bruno-Rezende-31-scaled.jpg\"><img decoding=\"async\" src=\"https:\/\/agenciadenoticias.ms.gov.br\/wp-content\/uploads\/2025\/04\/Medalha-Tiradentes-Foto-Bruno-Rezende-31-1024x683.jpg\" alt=\"\"\/><\/a><\/figure>\n\n\n\n<p><strong>Honraria<\/strong><\/p>\n\n\n\n<p>Tiradentes, cujo nome verdadeiro era Joaquim Jos\u00e9 da Silva Xavier, foi um militar brasileiro que se destacou por seu papel na Inconfid\u00eancia Mineira, movimento que buscava a independ\u00eancia do Brasil de Portugal.<\/p>\n\n\n\n<p>Atuou como propagandista da causa, conquistando apoiadores. Como \u00fanico conspirador a assumir a culpa, foi condenado \u00e0 morte, sendo enforcado e esquartejado em 21 de abril de 1792. Sua hist\u00f3ria tornou-se s\u00edmbolo de hero\u00edsmo, luta por igualdade e justi\u00e7a, sendo homenageado com um feriado nacional nessa data.<\/p>\n\n\n\n<p>Institu\u00edda no Mato Grosso do Sul em 1982, a Medalha de Tiradentes \u00e9 uma rever\u00eancia ao patrono das pol\u00edcias militar e civil do Brasil. Sem temer repres\u00e1lias, Joaquim Jos\u00e9 da Silva Xavier abdicou dos interesses pessoais por um bem maior. Assim tamb\u00e9m \u00e9 a hist\u00f3ria do policial militar, que diariamente arrisca a vida para defender o cidad\u00e3o.<\/p>\n\n\n\n<p><em>Alexandre Gonzaga, Comunica\u00e7\u00e3o do Governo de MS<br><\/em><em>Fotos: Bruno Rezende\/Secom<\/em><\/p>\n","protected":false},"excerpt":{"rendered":"<p>Para garantir mais efici\u00eancia nas a\u00e7\u00f5es de combate \u00e0 criminalidade e no atendimento \u00e0 popula\u00e7\u00e3o, o Governo do Estado entregou,<\/p>\n","protected":false},"author":1,"featured_media":10335,"comment_status":"open","ping_status":"open","sticky":false,"template":"","format":"standard","meta":{"footnotes":""},"categories":[2],"tags":[],"class_list":["post-10334","post","type-post","status-publish","format-standard","has-post-thumbnail","hentry","category-noticias"],"_links":{"self":[{"href":"https:\/\/jornaloalvorada.com.br\/site\/wp-json\/wp\/v2\/posts\/10334","targetHints":{"allow":["GET"]}}],"collection":[{"href":"https:\/\/jornaloalvorada.com.br\/site\/wp-json\/wp\/v2\/posts"}],"about":[{"href":"https:\/\/jornaloalvorada.com.br\/site\/wp-json\/wp\/v2\/types\/post"}],"author":[{"embeddable":true,"href":"https:\/\/jornaloalvorada.com.br\/site\/wp-json\/wp\/v2\/users\/1"}],"replies":[{"embeddable":true,"href":"https:\/\/jornaloalvorada.com.br\/site\/wp-json\/wp\/v2\/comments?post=10334"}],"version-history":[{"count":1,"href":"https:\/\/jornaloalvorada.com.br\/site\/wp-json\/wp\/v2\/posts\/10334\/revisions"}],"predecessor-version":[{"id":10336,"href":"https:\/\/jornaloalvorada.com.br\/site\/wp-json\/wp\/v2\/posts\/10334\/revisions\/10336"}],"wp:featuredmedia":[{"embeddable":true,"href":"https:\/\/jornaloalvorada.com.br\/site\/wp-json\/wp\/v2\/media\/10335"}],"wp:attachment":[{"href":"https:\/\/jornaloalvorada.com.br\/site\/wp-json\/wp\/v2\/media?parent=10334"}],"wp:term":[{"taxonomy":"category","embeddable":true,"href":"https:\/\/jornaloalvorada.com.br\/site\/wp-json\/wp\/v2\/categories?post=10334"},{"taxonomy":"post_tag","embeddable":true,"href":"https:\/\/jornaloalvorada.com.br\/site\/wp-json\/wp\/v2\/tags?post=10334"}],"curies":[{"name":"wp","href":"https:\/\/api.w.org\/{rel}","templated":true}]}}