{"id":10327,"date":"2025-04-24T11:13:08","date_gmt":"2025-04-24T15:13:08","guid":{"rendered":"https:\/\/jornaloalvorada.com.br\/site\/?p=10327"},"modified":"2025-04-24T11:13:14","modified_gmt":"2025-04-24T15:13:14","slug":"onca-pintada-e-capturada-pela-pma-e-sera-atendida-no-centro-de-reabilitacao","status":"publish","type":"post","link":"https:\/\/jornaloalvorada.com.br\/site\/2025\/04\/24\/onca-pintada-e-capturada-pela-pma-e-sera-atendida-no-centro-de-reabilitacao\/","title":{"rendered":"On\u00e7a-pintada \u00e9 capturada pela PMA e ser\u00e1 atendida no centro de reabilita\u00e7\u00e3o"},"content":{"rendered":"\n<p>A for\u00e7a-tarefa da PMA (Pol\u00edcia Militar Ambiental) capturou, na madrugada desta quinta-feira (24), a on\u00e7a-pintada que atacou e matou o caseiro Jorge \u00c1valo, 60 anos, pr\u00f3ximo ao pesqueiro Touro Morto, no Pantanal.<\/p>\n\n\n\n<p>O caso aconteceu na segunda-feira (21) e o animal, um macho, foi capturado com o apoio de um especialista em animais de grande porte e guias locais. O animal \u00e9 monitorado \u2013 temperatura e frequ\u00eancia card\u00edaca \u2013, e ser\u00e1 levado para o CRAS (Centro de Reabilita\u00e7\u00e3o de Animais Silvestres), em Campo Grande. \u201cVamos avaliar e tentar entender o que aconteceu\u201d, disse o pesquisador Gediendson Ara\u00fajo, que participou da captura da on\u00e7a.<\/p>\n\n\n\n<p>Na quarta-feira (23), durante coletiva de imprensa o secret\u00e1rio-executivo da Semadesc (Secretaria de Estado de Meio Ambiente, Desenvolvimento, Ci\u00eancia, Tecnologia e Inova\u00e7\u00e3o), Artur Falcette, explicou que ataques de on\u00e7as, como o que ocorreu, s\u00e3o extremamente incomuns na regi\u00e3o. \u201cEstamos diante de um caso muito at\u00edpico. Esse n\u00e3o \u00e9 um comportamento habitual da esp\u00e9cie. A captura do animal \u00e9 essencial para entendermos o que motivou essa atitude e para que possamos estudar seu comportamento com mais precis\u00e3o\u201d, afirmou Falcette.<\/p>\n\n\n\n<figure class=\"wp-block-image\"><a href=\"https:\/\/agenciadenoticias.ms.gov.br\/wp-content\/uploads\/2025\/04\/Coletiva-sobre-a-Onca-que-matou-ribeirinho-no-pantanal-Foto-Alvaro-Rezende-11-scaled.jpg\"><img decoding=\"async\" src=\"https:\/\/agenciadenoticias.ms.gov.br\/wp-content\/uploads\/2025\/04\/Coletiva-sobre-a-Onca-que-matou-ribeirinho-no-pantanal-Foto-Alvaro-Rezende-11-scaled.jpg\" alt=\"\"\/><\/a><\/figure>\n\n\n\n<figure class=\"wp-block-image\"><a href=\"https:\/\/agenciadenoticias.ms.gov.br\/wp-content\/uploads\/2025\/04\/Coletiva-sobre-a-Onca-que-matou-ribeirinho-no-pantanal-Foto-Alvaro-Rezende-8-scaled.jpg\"><img decoding=\"async\" src=\"https:\/\/agenciadenoticias.ms.gov.br\/wp-content\/uploads\/2025\/04\/Coletiva-sobre-a-Onca-que-matou-ribeirinho-no-pantanal-Foto-Alvaro-Rezende-8-scaled.jpg\" alt=\"\"\/><\/a><\/figure>\n\n\n\n<p>As c\u00e2meras de seguran\u00e7a instaladas na sede da fazenda onde o ataque ocorre, al\u00e9m de v\u00eddeos e fotos que registram a rotina dos animais nas proximidades da sede, foram encaminhadas para per\u00edcia. O material pode ajudar a esclarecer o comportamento da on\u00e7a-pintada e fornecer pistas sobre os momentos que antecederam o ataque.<\/p>\n\n\n\n<p>\u201cUma das poucas certezas at\u00e9 o momento \u00e9 a de que havia oferta de alimento, conhecido como ceva, para atrair animais silvestres no local. A pr\u00e1tica, al\u00e9m de configurar crime ambiental, \u00e9 extremamente perigosa, pois pode provocar altera\u00e7\u00f5es no comportamento natural dos animais\u201d, disse o coronel Jos\u00e9 Carlos Rodrigues, comandante da PMA.<\/p>\n\n\n\n<p><em>Natalia Yahn, Comunica\u00e7\u00e3o Governo de MS<\/em><br><em>Fotos: Reprodu\u00e7\u00e3o PMA<\/em><\/p>\n","protected":false},"excerpt":{"rendered":"<p>A for\u00e7a-tarefa da PMA (Pol\u00edcia Militar Ambiental) capturou, na madrugada desta quinta-feira (24), a on\u00e7a-pintada que atacou e matou o<\/p>\n","protected":false},"author":1,"featured_media":10328,"comment_status":"open","ping_status":"open","sticky":false,"template":"","format":"standard","meta":{"footnotes":""},"categories":[2],"tags":[],"class_list":["post-10327","post","type-post","status-publish","format-standard","has-post-thumbnail","hentry","category-noticias"],"_links":{"self":[{"href":"https:\/\/jornaloalvorada.com.br\/site\/wp-json\/wp\/v2\/posts\/10327","targetHints":{"allow":["GET"]}}],"collection":[{"href":"https:\/\/jornaloalvorada.com.br\/site\/wp-json\/wp\/v2\/posts"}],"about":[{"href":"https:\/\/jornaloalvorada.com.br\/site\/wp-json\/wp\/v2\/types\/post"}],"author":[{"embeddable":true,"href":"https:\/\/jornaloalvorada.com.br\/site\/wp-json\/wp\/v2\/users\/1"}],"replies":[{"embeddable":true,"href":"https:\/\/jornaloalvorada.com.br\/site\/wp-json\/wp\/v2\/comments?post=10327"}],"version-history":[{"count":1,"href":"https:\/\/jornaloalvorada.com.br\/site\/wp-json\/wp\/v2\/posts\/10327\/revisions"}],"predecessor-version":[{"id":10329,"href":"https:\/\/jornaloalvorada.com.br\/site\/wp-json\/wp\/v2\/posts\/10327\/revisions\/10329"}],"wp:featuredmedia":[{"embeddable":true,"href":"https:\/\/jornaloalvorada.com.br\/site\/wp-json\/wp\/v2\/media\/10328"}],"wp:attachment":[{"href":"https:\/\/jornaloalvorada.com.br\/site\/wp-json\/wp\/v2\/media?parent=10327"}],"wp:term":[{"taxonomy":"category","embeddable":true,"href":"https:\/\/jornaloalvorada.com.br\/site\/wp-json\/wp\/v2\/categories?post=10327"},{"taxonomy":"post_tag","embeddable":true,"href":"https:\/\/jornaloalvorada.com.br\/site\/wp-json\/wp\/v2\/tags?post=10327"}],"curies":[{"name":"wp","href":"https:\/\/api.w.org\/{rel}","templated":true}]}}