{"id":10321,"date":"2025-04-23T14:11:27","date_gmt":"2025-04-23T18:11:27","guid":{"rendered":"https:\/\/jornaloalvorada.com.br\/site\/?p=10321"},"modified":"2025-04-23T14:13:07","modified_gmt":"2025-04-23T18:13:07","slug":"administracao-municipal-e-outras-instituicoes-realizaram-vistoria-e-fiscalizacao-da-frota-de-veiculos-escolar-de-nova-alvorada-do-sul","status":"publish","type":"post","link":"https:\/\/jornaloalvorada.com.br\/site\/2025\/04\/23\/administracao-municipal-e-outras-instituicoes-realizaram-vistoria-e-fiscalizacao-da-frota-de-veiculos-escolar-de-nova-alvorada-do-sul\/","title":{"rendered":"Administra\u00e7\u00e3o municipal e outras institui\u00e7\u00f5es, realizaram  vistoria e fiscaliza\u00e7\u00e3o da frota de ve\u00edculos escolar de Nova Alvorada do Sul"},"content":{"rendered":"\n<p>Administra\u00e7\u00e3o municipal em parceria com o Tribunal de Contas, Minist\u00e9rio P\u00fablico, Detran MS e outras institui\u00e7\u00f5es, realizaram nesta quarta-feira vistoria e fiscaliza\u00e7\u00e3o da frota de ve\u00edculos escolar de Nova Alvorada do Sul.<\/p>\n\n\n\n<figure class=\"wp-block-video\"><video height=\"360\" style=\"aspect-ratio: 640 \/ 360;\" width=\"640\" controls src=\"https:\/\/jornaloalvorada.com.br\/site\/wp-content\/uploads\/2025\/04\/onibuss.mp4\"><\/video><\/figure>\n","protected":false},"excerpt":{"rendered":"<p>Administra\u00e7\u00e3o municipal em parceria com o Tribunal de Contas, Minist\u00e9rio P\u00fablico, Detran MS e outras institui\u00e7\u00f5es, realizaram nesta quarta-feira vistoria<\/p>\n","protected":false},"author":1,"featured_media":10322,"comment_status":"open","ping_status":"open","sticky":false,"template":"","format":"standard","meta":{"footnotes":""},"categories":[2],"tags":[],"class_list":["post-10321","post","type-post","status-publish","format-standard","has-post-thumbnail","hentry","category-noticias"],"_links":{"self":[{"href":"https:\/\/jornaloalvorada.com.br\/site\/wp-json\/wp\/v2\/posts\/10321","targetHints":{"allow":["GET"]}}],"collection":[{"href":"https:\/\/jornaloalvorada.com.br\/site\/wp-json\/wp\/v2\/posts"}],"about":[{"href":"https:\/\/jornaloalvorada.com.br\/site\/wp-json\/wp\/v2\/types\/post"}],"author":[{"embeddable":true,"href":"https:\/\/jornaloalvorada.com.br\/site\/wp-json\/wp\/v2\/users\/1"}],"replies":[{"embeddable":true,"href":"https:\/\/jornaloalvorada.com.br\/site\/wp-json\/wp\/v2\/comments?post=10321"}],"version-history":[{"count":2,"href":"https:\/\/jornaloalvorada.com.br\/site\/wp-json\/wp\/v2\/posts\/10321\/revisions"}],"predecessor-version":[{"id":10325,"href":"https:\/\/jornaloalvorada.com.br\/site\/wp-json\/wp\/v2\/posts\/10321\/revisions\/10325"}],"wp:featuredmedia":[{"embeddable":true,"href":"https:\/\/jornaloalvorada.com.br\/site\/wp-json\/wp\/v2\/media\/10322"}],"wp:attachment":[{"href":"https:\/\/jornaloalvorada.com.br\/site\/wp-json\/wp\/v2\/media?parent=10321"}],"wp:term":[{"taxonomy":"category","embeddable":true,"href":"https:\/\/jornaloalvorada.com.br\/site\/wp-json\/wp\/v2\/categories?post=10321"},{"taxonomy":"post_tag","embeddable":true,"href":"https:\/\/jornaloalvorada.com.br\/site\/wp-json\/wp\/v2\/tags?post=10321"}],"curies":[{"name":"wp","href":"https:\/\/api.w.org\/{rel}","templated":true}]}}