{"id":10313,"date":"2025-04-23T08:40:51","date_gmt":"2025-04-23T12:40:51","guid":{"rendered":"https:\/\/jornaloalvorada.com.br\/site\/?p=10313"},"modified":"2025-04-23T08:40:53","modified_gmt":"2025-04-23T12:40:53","slug":"prefeitura-de-nova-alvorada-do-sul-realiza-servico-de-tapa-buraco-nas-avenidas-do-municipio","status":"publish","type":"post","link":"https:\/\/jornaloalvorada.com.br\/site\/2025\/04\/23\/prefeitura-de-nova-alvorada-do-sul-realiza-servico-de-tapa-buraco-nas-avenidas-do-municipio\/","title":{"rendered":"Prefeitura de Nova Alvorada do Sul realiza servi\u00e7o de tapa-buraco nas avenidas do munic\u00edpio"},"content":{"rendered":"\n<p>Hoje nossa equipe de tapa-buraco esteve em a\u00e7\u00e3o mais uma vez, realizando os trabalhos paliativos nas avenidas do nosso munic\u00edpio.<\/p>\n\n\n\n<p>Pedimos a compreens\u00e3o da popula\u00e7\u00e3o e destacamos que j\u00e1 temos projetos aprovados junto ao governo do estado, para em breve, juntos em uma parceria da prefeitura municipal e governo, realizarmos um recapeamento e revitaliza\u00e7\u00e3o das nossas avenidas.<\/p>\n\n\n\n<p>Juntos somos mais forte.<\/p>\n","protected":false},"excerpt":{"rendered":"<p>Hoje nossa equipe de tapa-buraco esteve em a\u00e7\u00e3o mais uma vez, realizando os trabalhos paliativos nas avenidas do nosso munic\u00edpio.<\/p>\n","protected":false},"author":1,"featured_media":10314,"comment_status":"open","ping_status":"open","sticky":false,"template":"","format":"standard","meta":{"footnotes":""},"categories":[2],"tags":[],"class_list":["post-10313","post","type-post","status-publish","format-standard","has-post-thumbnail","hentry","category-noticias"],"_links":{"self":[{"href":"https:\/\/jornaloalvorada.com.br\/site\/wp-json\/wp\/v2\/posts\/10313","targetHints":{"allow":["GET"]}}],"collection":[{"href":"https:\/\/jornaloalvorada.com.br\/site\/wp-json\/wp\/v2\/posts"}],"about":[{"href":"https:\/\/jornaloalvorada.com.br\/site\/wp-json\/wp\/v2\/types\/post"}],"author":[{"embeddable":true,"href":"https:\/\/jornaloalvorada.com.br\/site\/wp-json\/wp\/v2\/users\/1"}],"replies":[{"embeddable":true,"href":"https:\/\/jornaloalvorada.com.br\/site\/wp-json\/wp\/v2\/comments?post=10313"}],"version-history":[{"count":1,"href":"https:\/\/jornaloalvorada.com.br\/site\/wp-json\/wp\/v2\/posts\/10313\/revisions"}],"predecessor-version":[{"id":10315,"href":"https:\/\/jornaloalvorada.com.br\/site\/wp-json\/wp\/v2\/posts\/10313\/revisions\/10315"}],"wp:featuredmedia":[{"embeddable":true,"href":"https:\/\/jornaloalvorada.com.br\/site\/wp-json\/wp\/v2\/media\/10314"}],"wp:attachment":[{"href":"https:\/\/jornaloalvorada.com.br\/site\/wp-json\/wp\/v2\/media?parent=10313"}],"wp:term":[{"taxonomy":"category","embeddable":true,"href":"https:\/\/jornaloalvorada.com.br\/site\/wp-json\/wp\/v2\/categories?post=10313"},{"taxonomy":"post_tag","embeddable":true,"href":"https:\/\/jornaloalvorada.com.br\/site\/wp-json\/wp\/v2\/tags?post=10313"}],"curies":[{"name":"wp","href":"https:\/\/api.w.org\/{rel}","templated":true}]}}