{"id":10212,"date":"2025-04-12T15:29:51","date_gmt":"2025-04-12T19:29:51","guid":{"rendered":"https:\/\/jornaloalvorada.com.br\/site\/?p=10212"},"modified":"2025-04-12T15:29:54","modified_gmt":"2025-04-12T19:29:54","slug":"vacina-contra-gripe-e-segura-e-nao-causa-a-doenca-saiba-mais-verdades","status":"publish","type":"post","link":"https:\/\/jornaloalvorada.com.br\/site\/2025\/04\/12\/vacina-contra-gripe-e-segura-e-nao-causa-a-doenca-saiba-mais-verdades\/","title":{"rendered":"Vacina contra gripe \u00e9 segura e n\u00e3o causa a doen\u00e7a; saiba mais verdades"},"content":{"rendered":"\n<p><a href=\"https:\/\/agenciabrasil.ebc.com.br\/saude\/noticia\/2025-04\/campanha-de-vacinacao-contra-gripe-comeca-nesta-segunda\" target=\"_blank\" rel=\"noreferrer noopener\">A campanha de vacina\u00e7\u00e3o contra a gripe come\u00e7ou na \u00faltima segunda-feira&nbsp;(7)<\/a>, nas regi\u00f5es Nordeste, Centro-Oeste, Sudeste e Sul, com o objetivo de imunizar 90% do p\u00fablico-alvo, composto principalmente por idosos, crian\u00e7as de idades entre 6 meses e 6 anos, gestantes e pu\u00e9rperas.<img decoding=\"async\" src=\"https:\/\/agenciabrasil.ebc.com.br\/ebc.png?id=1638657&amp;o=node\"><img decoding=\"async\" src=\"https:\/\/agenciabrasil.ebc.com.br\/ebc.gif?id=1638657&amp;o=node\"><\/p>\n\n\n\n<p><strong>O Minist\u00e9rio da Sa\u00fade convoca esses grupos e os demais aptos a se vacinar procurem a prote\u00e7\u00e3o o mais r\u00e1pido poss\u00edvel em unidades de sa\u00fade de seus munic\u00edpios, porque o v\u00edrus causador da gripe circula com mais for\u00e7a no outono e no inverno nessas regi\u00f5es.<\/strong>&nbsp;No segundo semestre, ser\u00e1 a vez da&nbsp;Regi\u00e3o Norte ser imunizada, para cobrir o &#8220;inverno amaz\u00f4nico&#8221;, per\u00edodo de chuvas de dezembro a maio.<\/p>\n\n\n\n<p>Mas um obst\u00e1culo importante&nbsp;que a sociedade brasileira precisa superar para atingir a meta de vacina\u00e7\u00e3o s\u00e3o as&nbsp;muitas informa\u00e7\u00f5es falsas&nbsp;circulando nas redes sociais. <strong>A&nbsp;presidente da Sociedade Brasileira de Imuniza\u00e7\u00f5es (SBIm), Monica Levi, alerta que o maior risco s\u00e3o os grupos vulner\u00e1veis acreditarem&nbsp;na desinforma\u00e7\u00e3o e correrem riscos, inclusive de morte, sem a prote\u00e7\u00e3o.<\/strong><\/p>\n\n\n\n<blockquote class=\"wp-block-quote is-layout-flow wp-block-quote-is-layout-flow\">\n<p>&#8220;Informa\u00e7\u00e3o falsa, \u00e0s vezes, \u00e9 mais letal do que a pr\u00f3pria doen\u00e7a. Essa \u00e9 uma das grandes amea\u00e7as \u00e0 sa\u00fade humana&#8221;, avisa . &#8220;Algumas pessoas podem deixar de se vacinar, acreditando em hist\u00f3rias falsas e consequentemente v\u00e3o continuar vulner\u00e1veis, o que pode at\u00e9 levar ao \u00f3bito&#8221;, ela complementa.<\/p>\n<\/blockquote>\n\n\n\n<p><strong>De acordo com o Minist\u00e9rio da Sa\u00fade, o imunizante&nbsp;\u00e9 capaz de evitar entre 60% e 70% dos casos graves e dos \u00f3bitos relacionados \u00e0 doen\u00e7a.<\/strong><\/p>\n\n\n\n<h2 class=\"wp-block-heading\">Saiba o que \u00e9 verdade e o que \u00e9 <em>fake news<\/em><\/h2>\n\n\n\n<p>Veja abaixo as explica\u00e7\u00f5es da presidente da SBIm que desmentem algumas das informa\u00e7\u00f5es falsas que mais circulam contra a vacina da gripe e colocam em risco a vida das pessoas:&nbsp;<\/p>\n\n\n\n<p><strong>MENTIRA: <\/strong><em>&#8220;A vacina pode fazer algumas pessoas pegarem a gripe&#8221;<\/em><\/p>\n\n\n\n<p><strong>VERDADE:<\/strong> <em>De acordo com a especialista, essa \u00e9 a \u00e9poca do ano em que mais circulam o rinov\u00edrus, o metapneumov\u00edrus, o v\u00edrus sincicial respirat\u00f3rio, entre outros v\u00edrus, mas as pessoas chamam qualquer quadro respirat\u00f3rio de gripe. <strong>Mesmo que a pessoa tenha febre, dor de garganta e tosse, pode ser outro v\u00edrus respirat\u00f3rio, como o da covid, por exemplo.<\/strong> Al\u00e9m disso, se a pessoa j\u00e1 tiver sido infectada, e estiver incubando o v\u00edrus, os sintomas podem aparecer depois que ela tomou a vacina. E \u00e9 preciso duas semanas, no m\u00ednimo, para desenvolver a prote\u00e7\u00e3o. Nesse per\u00edodo, a pessoa continua vulner\u00e1vel, inclusive \u00e0 gripe, como quem n\u00e3o foi vacinado.<\/em><\/p>\n\n\n\n<p><strong>MENTIRA:<\/strong> <em>&#8220;A vacina contra a gripe n\u00e3o \u00e9 segura e pode provocar a morte de pessoas mais velhas&#8221;<\/em><\/p>\n\n\n\n<p><strong>VERDADE:<\/strong>&nbsp;Essa \u00e9 uma vacina extremamente segura, tanto que os grupos priorit\u00e1rios escolhidos para tomar a vacina s\u00e3o os que t\u00eam maior comprometimento da imunidade. Uma pessoa que faz um transplante de medula \u00f3ssea, a primeira vacina que ele tem que tomar, tr\u00eas meses p\u00f3s-transplante, \u00e9 a vacina contra a gripe. <strong>Por que ela \u00e9 segura? Porque \u00e9 uma vacina inativada, ou seja, o v\u00edrus \u00e9 morto<\/strong>, fracionado e voc\u00ea s\u00f3 usa uma fra\u00e7\u00e3o dele na produ\u00e7\u00e3o de anticorpos. &nbsp;Ent\u00e3o, em qualquer pessoa, seja imunocompetente ou imunocompromtida, seja uma pessoa que tenha alguma comorbidade, ela vai ser extremamente segura.<\/p>\n\n\n\n<p><strong>MENTIRA: <\/strong><em>&#8220;A vacina n\u00e3o evita totalmente o cont\u00e1gio, logo, n\u00e3o tem efic\u00e1cia&#8221;<\/em><\/p>\n\n\n\n<p><strong>VERDADE:<\/strong>&nbsp;<strong>A vacina contra a gripe \u00e9 eficaz principalmente para proteger contra a doen\u00e7a grave e suas complica\u00e7\u00f5es e contra o \u00f3bito<\/strong>. Dependendo da faixa et\u00e1ria e do grau de resposta imunol\u00f3gica da pessoa vacinada, ela pode ter uma menor efic\u00e1cia contra o cont\u00e1gio pelo v\u00edrus, mas ela continua sendo muito importante para prevenir a forma grave da doen\u00e7a. Por isso, a recomenda\u00e7\u00e3o \u00e9 que as pessoas que s\u00e3o mais vulner\u00e1veis se vacinem todos os anos para n\u00e3o correr esse risco.<\/p>\n\n\n\n<p><strong>MENTIRA: <\/strong><em>&#8220;A gripe \u00e9 uma doen\u00e7a comum, sem gravidade. Por isso, n\u00e3o \u00e9 importante se vacinar&#8221;<\/em><\/p>\n\n\n\n<p><strong>VERDADE:<\/strong>&nbsp;A gripe \u00e9 uma doen\u00e7a potencialmente grave. Nem todos casos v\u00e3o ser assim, tem gente que vai ter sintomas, por mais ou menos uma semana, sem consequ\u00eancias. <strong>Mas&nbsp;algumas pessoas v\u00e3o desenvolver pneumonia, v\u00e3o desenvolver uma descompensa\u00e7\u00e3o de outras doen\u00e7as, como, por exemplo, diabetes, cardiopatia ou doen\u00e7a pulmonar obstrutiva cr\u00f4nica.<\/strong> Por isso que essa \u00e9 uma vacina muito importante na faixa et\u00e1ria dos idosos, porque eles apresentam mais quadros graves, com mais interna\u00e7\u00e3o e mais \u00f3bitos. Depois, as pessoas com comorbidades e as crian\u00e7as pequenas s\u00e3o as mais atingidas pelas formas graves.<\/p>\n\n\n\n<p><strong>MENTIRA: <\/strong><em>&#8220;Os profissionais de sa\u00fade est\u00e3o misturando a vacina da gripe com a vacina da covid&#8221;<\/em><\/p>\n\n\n\n<p><strong>VERDADE:<\/strong> N\u00e3o se faz alquimia com nenhuma vacina. Cada uma tem os seus ingredientes, o seu volume, o seu conte\u00fado e jamais, nunca houve essa hist\u00f3ria de vacinas serem misturadas. O que existe s\u00e3o vacinas combinadas, que protegem contra v\u00e1rias doen\u00e7as, mas elas j\u00e1 s\u00e3o fabricadas assim pelo pr\u00f3prio laborat\u00f3rio, com todas as quantidades e excipientes de cada um dos componentes, calculados, testados, com estudos cl\u00ednicos e a aprova\u00e7\u00e3o de \u00f3rg\u00e3os regulat\u00f3rios. Mas isso n\u00e3o feito com a vacina da gripe e a vacina da covid.<\/p>\n\n\n\n<h2 class=\"wp-block-heading\">Vacina atualizada<\/h2>\n\n\n\n<p><strong>Todos os anos, a vacina \u00e9 atualizada para proteger contra os tr\u00eas tipos do v\u00edrus influenza com maior circula\u00e7\u00e3o<\/strong>, por isso, o imunizante que est\u00e1 sendo aplicado previne contra a influenza A H1N1 e H3N2 e contra a Influenza B.<\/p>\n\n\n\n<p>Por isso, para se manter protegido, <strong>\u00e9 necess\u00e1rio receber a vacina todo ano<\/strong>.&nbsp;<\/p>\n\n\n\n<h2 class=\"wp-block-heading\">Quem deve se vacinar contra a gripe<\/h2>\n\n\n\n<ul class=\"wp-block-list\">\n<li><strong>\u00a0Idosos<\/strong><\/li>\n\n\n\n<li><strong>\u00a0Crian\u00e7as de 6 meses a menores de 6 anos<\/strong><\/li>\n\n\n\n<li><strong>\u00a0Gestantes e pu\u00e9rperas<\/strong><\/li>\n\n\n\n<li><strong>\u00a0Povos ind\u00edgenas<\/strong><\/li>\n\n\n\n<li><strong>\u00a0Pessoas em situa\u00e7\u00e3o de rua<\/strong><\/li>\n\n\n\n<li><strong>\u00a0Pessoas com doen\u00e7as cr\u00f4nicas n\u00e3o transmiss\u00edveis e outras condi\u00e7\u00f5es cl\u00ednicas especiais<\/strong><\/li>\n\n\n\n<li><strong>\u00a0Pessoas com defici\u00eancia permanentes<\/strong><\/li>\n\n\n\n<li><strong>\u00a0Popula\u00e7\u00e3o privada de liberdade, incluindo adolescentes e jovens<\/strong><\/li>\n\n\n\n<li><strong>\u00a0Profissionais das For\u00e7as Armadas e das \u00e1reas de sa\u00fade, educa\u00e7\u00e3o, seguran\u00e7a p\u00fablica, salvamento, unidades prisionais, transporte rodovi\u00e1rio coletivo e de carga e portos.<\/strong><\/li>\n<\/ul>\n","protected":false},"excerpt":{"rendered":"<p>A campanha de vacina\u00e7\u00e3o contra a gripe come\u00e7ou na \u00faltima segunda-feira&nbsp;(7), nas regi\u00f5es Nordeste, Centro-Oeste, Sudeste e Sul, com o<\/p>\n","protected":false},"author":1,"featured_media":10213,"comment_status":"open","ping_status":"open","sticky":false,"template":"","format":"standard","meta":{"footnotes":""},"categories":[2],"tags":[],"class_list":["post-10212","post","type-post","status-publish","format-standard","has-post-thumbnail","hentry","category-noticias"],"_links":{"self":[{"href":"https:\/\/jornaloalvorada.com.br\/site\/wp-json\/wp\/v2\/posts\/10212","targetHints":{"allow":["GET"]}}],"collection":[{"href":"https:\/\/jornaloalvorada.com.br\/site\/wp-json\/wp\/v2\/posts"}],"about":[{"href":"https:\/\/jornaloalvorada.com.br\/site\/wp-json\/wp\/v2\/types\/post"}],"author":[{"embeddable":true,"href":"https:\/\/jornaloalvorada.com.br\/site\/wp-json\/wp\/v2\/users\/1"}],"replies":[{"embeddable":true,"href":"https:\/\/jornaloalvorada.com.br\/site\/wp-json\/wp\/v2\/comments?post=10212"}],"version-history":[{"count":1,"href":"https:\/\/jornaloalvorada.com.br\/site\/wp-json\/wp\/v2\/posts\/10212\/revisions"}],"predecessor-version":[{"id":10214,"href":"https:\/\/jornaloalvorada.com.br\/site\/wp-json\/wp\/v2\/posts\/10212\/revisions\/10214"}],"wp:featuredmedia":[{"embeddable":true,"href":"https:\/\/jornaloalvorada.com.br\/site\/wp-json\/wp\/v2\/media\/10213"}],"wp:attachment":[{"href":"https:\/\/jornaloalvorada.com.br\/site\/wp-json\/wp\/v2\/media?parent=10212"}],"wp:term":[{"taxonomy":"category","embeddable":true,"href":"https:\/\/jornaloalvorada.com.br\/site\/wp-json\/wp\/v2\/categories?post=10212"},{"taxonomy":"post_tag","embeddable":true,"href":"https:\/\/jornaloalvorada.com.br\/site\/wp-json\/wp\/v2\/tags?post=10212"}],"curies":[{"name":"wp","href":"https:\/\/api.w.org\/{rel}","templated":true}]}}