{"id":10209,"date":"2025-04-12T15:27:33","date_gmt":"2025-04-12T19:27:33","guid":{"rendered":"https:\/\/jornaloalvorada.com.br\/site\/?p=10209"},"modified":"2025-04-12T15:27:36","modified_gmt":"2025-04-12T19:27:36","slug":"usuarios-relatam-instabilidade-no-whatsapp-neste-sabado","status":"publish","type":"post","link":"https:\/\/jornaloalvorada.com.br\/site\/2025\/04\/12\/usuarios-relatam-instabilidade-no-whatsapp-neste-sabado\/","title":{"rendered":"Usu\u00e1rios relatam instabilidade no WhatsApp neste s\u00e1bado"},"content":{"rendered":"\n<p>Usu\u00e1rios do WhatsApp relataram instabilidade na plataforma neste s\u00e1bado (12) no Brasil. As queixas incluem o n\u00e3o envio de mensagens, sobretudo em grupos, al\u00e9m de dificuldades para atualizar o <em>status<\/em>.<img decoding=\"async\" src=\"https:\/\/agenciabrasil.ebc.com.br\/ebc.png?id=1638749&amp;o=node\"><img decoding=\"async\" src=\"https:\/\/agenciabrasil.ebc.com.br\/ebc.gif?id=1638749&amp;o=node\"><\/p>\n\n\n\n<p>Na rede social X, o termo WhatsApp aparece entre os <em>trending topics<\/em>, ou assuntos mais comentados, entre internautas brasileiros.\u00a0<\/p>\n\n\n\n<p>As queixas envolvendo instabilidade na plataforma, entretanto, foram relatadas por usu\u00e1rios de diversas partes do mundo.<\/p>\n\n\n\n<p>A Ag\u00eancia Brasil entrou em contato com a Meta, respons\u00e1vel pelo WhatsApp, e aguarda retorno.<\/p>\n","protected":false},"excerpt":{"rendered":"<p>Usu\u00e1rios do WhatsApp relataram instabilidade na plataforma neste s\u00e1bado (12) no Brasil. As queixas incluem o n\u00e3o envio de mensagens,<\/p>\n","protected":false},"author":1,"featured_media":10210,"comment_status":"open","ping_status":"open","sticky":false,"template":"","format":"standard","meta":{"footnotes":""},"categories":[2],"tags":[],"class_list":["post-10209","post","type-post","status-publish","format-standard","has-post-thumbnail","hentry","category-noticias"],"_links":{"self":[{"href":"https:\/\/jornaloalvorada.com.br\/site\/wp-json\/wp\/v2\/posts\/10209","targetHints":{"allow":["GET"]}}],"collection":[{"href":"https:\/\/jornaloalvorada.com.br\/site\/wp-json\/wp\/v2\/posts"}],"about":[{"href":"https:\/\/jornaloalvorada.com.br\/site\/wp-json\/wp\/v2\/types\/post"}],"author":[{"embeddable":true,"href":"https:\/\/jornaloalvorada.com.br\/site\/wp-json\/wp\/v2\/users\/1"}],"replies":[{"embeddable":true,"href":"https:\/\/jornaloalvorada.com.br\/site\/wp-json\/wp\/v2\/comments?post=10209"}],"version-history":[{"count":1,"href":"https:\/\/jornaloalvorada.com.br\/site\/wp-json\/wp\/v2\/posts\/10209\/revisions"}],"predecessor-version":[{"id":10211,"href":"https:\/\/jornaloalvorada.com.br\/site\/wp-json\/wp\/v2\/posts\/10209\/revisions\/10211"}],"wp:featuredmedia":[{"embeddable":true,"href":"https:\/\/jornaloalvorada.com.br\/site\/wp-json\/wp\/v2\/media\/10210"}],"wp:attachment":[{"href":"https:\/\/jornaloalvorada.com.br\/site\/wp-json\/wp\/v2\/media?parent=10209"}],"wp:term":[{"taxonomy":"category","embeddable":true,"href":"https:\/\/jornaloalvorada.com.br\/site\/wp-json\/wp\/v2\/categories?post=10209"},{"taxonomy":"post_tag","embeddable":true,"href":"https:\/\/jornaloalvorada.com.br\/site\/wp-json\/wp\/v2\/tags?post=10209"}],"curies":[{"name":"wp","href":"https:\/\/api.w.org\/{rel}","templated":true}]}}