{"id":10203,"date":"2025-04-11T12:37:21","date_gmt":"2025-04-11T16:37:21","guid":{"rendered":"https:\/\/jornaloalvorada.com.br\/site\/?p=10203"},"modified":"2025-04-11T12:37:23","modified_gmt":"2025-04-11T16:37:23","slug":"anistia-e-questao-de-dias-diz-lider-do-pl-apos-257-apoios","status":"publish","type":"post","link":"https:\/\/jornaloalvorada.com.br\/site\/2025\/04\/11\/anistia-e-questao-de-dias-diz-lider-do-pl-apos-257-apoios\/","title":{"rendered":"Anistia \u00e9 \u201cquest\u00e3o de dias\u201d, diz l\u00edder do PL ap\u00f3s 257 apoios"},"content":{"rendered":"\n<p>O l\u00edder do PL na C\u00e2mara, deputado <a href=\"https:\/\/monitor.poder360.com.br\/politicos-do-brasil\/1384258\/S%C3%93STENES-CAVALCANTE?ano=2022\" target=\"_blank\" rel=\"noreferrer noopener\">S\u00f3stenes Cavalcante<\/a> (PL-RJ), disse nesta 6\u00aa feira (11.abr.2025) que conseguir a anistia aos envolvidos no 8 de janeiro ser\u00e1 <em>\u201cuma quest\u00e3o de dias\u201d.<\/em> Em fala a jornalistas, citou o requerimento de urg\u00eancia do PL (projeto de lei) n\u00ba 2.858\/2022, que trata do tema, e voltou a criticar o que chamou de \u201cvingan\u00e7a\u201d do STF (Supremo Tribunal Federal).<\/p>\n\n\n\n<p><em>\u201cEstamos a poucos dias de fazer justi\u00e7a pelos indiciados pelo 8 de Janeiro. A anistia \u00e9 uma quest\u00e3o de dias. Um minuto n\u00e3o 6 segundos, mas uma eternidade. A nossa luta \u00e9 por essa gente que est\u00e1 pagando o que n\u00e3o deveria pagar\u201d<\/em>, afirmou S\u00f3stenes.<em> \u201cO que o STF est\u00e1 fazendo n\u00e3o \u00e9 justi\u00e7a, \u00e9 vingan\u00e7a. Por isso conseguimos as assinaturas em tempo recorde\u201d<\/em>.<\/p>\n\n\n\n<p>O congressista disse na 5\u00aa feira (10.abr) ter <a href=\"https:\/\/www.poder360.com.br\/poder-congresso\/lider-do-pl-diz-ter-257-apoios-para-pl-da-anistia-na-camara\/\" target=\"_blank\" rel=\"noreferrer noopener\">conseguido reunir as 257 assinaturas necess\u00e1rias<\/a> para que o PL da anistia seja pautado no plen\u00e1rio da C\u00e2mara. Segundo a lista de apoios, at\u00e9 a madrugada desta 6\u00aa feira (11.abr) o texto tinha o respaldo de 258 deputados, sendo 144 de partidos que integram o governo do presidente <a href=\"https:\/\/monitor.poder360.com.br\/politicos-do-brasil\/929674\" target=\"_blank\" rel=\"noreferrer noopener\">Luiz In\u00e1cio Lula da Silva<\/a> (PT).<\/p>\n\n\n\n<p><em>\u201cQuando conseguimos as assinaturas, a ideia era ele [Jair Bolsonaro] divulgar, mas fez quest\u00e3o de dizer \u2018a hora que alcan\u00e7ar vai ser simb\u00f3lico, fa\u00e7a um v\u00eddeo voc\u00ea mesmo e marque o partido\u2019. Obedecendo ordens, fiz o v\u00eddeo e chamei voc\u00eas aqui\u201d<\/em>, disse o deputado.<\/p>\n\n\n\n<p>Afirmou ainda que o pedido se deu pelo fato de os congressistas divergirem do julgamento do Supremo aos condenados pela invas\u00e3o \u00e0 Pra\u00e7a dos Tr\u00eas Poderes em 2023 e que conta com o apoio do presidente da C\u00e2mara, <a href=\"https:\/\/monitor.poder360.com.br\/politicos-do-brasil\/581202\/HUGO-MOTTA?ano=2022\" target=\"_blank\" rel=\"noreferrer noopener\">Hugo Motta<\/a> (Republicanos-PB).<\/p>\n\n\n\n<p><em>\u201cEm nenhum momento deixamos de conversar com o presidente Hugo Motta, tudo foi conversado. Ele \u00e9 um grande aliado por ter sido sempre transparente conosco, sempre ter dialogado\u201d<\/em>, declarou o l\u00edder do PL.<\/p>\n\n\n\n<p><strong>Eis o n\u00famero de assinaturas da urg\u00eancia do PL da anistia por partido:&nbsp;<\/strong><\/p>\n\n\n\n<ul class=\"wp-block-list\">\n<li><strong>PL <\/strong>\u2013 89;<\/li>\n\n\n\n<li><strong>Uni\u00e3o Brasil<\/strong> \u2013 39;<\/li>\n\n\n\n<li><strong>PP<\/strong> \u2013 34;<\/li>\n\n\n\n<li><strong>Republicanos <\/strong>\u2013 26;<\/li>\n\n\n\n<li><strong>PSD<\/strong> \u2013 23;<\/li>\n\n\n\n<li><strong>MDB<\/strong> \u2013 21;<\/li>\n\n\n\n<li><strong>Podemos<\/strong> \u2013 9;<\/li>\n\n\n\n<li><strong>PSDB-Cidadania<\/strong> \u2013 6;<\/li>\n\n\n\n<li><strong>Novo<\/strong> \u2013 4;<\/li>\n\n\n\n<li><strong>Avante<\/strong> \u2013 3;<\/li>\n\n\n\n<li><strong>PRD<\/strong> \u2013 3;<\/li>\n\n\n\n<li><strong>PSB<\/strong> \u2013 1.<\/li>\n<\/ul>\n\n\n\n<p>Leia abaixo a lista com os nomes dos deputados que j\u00e1 assinaram a urg\u00eancia. Para reordenar as colunas, clique com o cursor do mouse ou com o dedo (caso esteja usando um smartphone ou tablet) \u2013para visualizar a tabela em outra aba, clique <a href=\"https:\/\/graficos.poder360.com.br\/1VFx1\/1\/\" target=\"_blank\" rel=\"noreferrer noopener\">aqui<\/a>.<\/p>\n\n\n\n<h2 class=\"wp-block-heading\"><strong>GOVERNISTAS CRITICAM APOIO \u00c0 ANISTIA<\/strong><\/h2>\n\n\n\n<p>O l\u00edder do PT na C\u00e2mara, <a href=\"https:\/\/monitor.poder360.com.br\/politicos-do-brasil\/930222\/LINDBERGH-FARIAS?ano=2022\">Lindbergh Farias<\/a> (RJ), <a href=\"https:\/\/www.poder360.com.br\/poder-congresso\/lider-do-pt-critica-partidos-da-esplanada-que-assinaram-anistia\/\">pressiona para que os partidos que integrem o governo n\u00e3o assinem o requerimento<\/a>. Afirmou que o l\u00edder do MDB na Casa Baixa, <a href=\"https:\/\/monitor.poder360.com.br\/politicos-do-brasil\/603894?ano=0\">Isnaldo Bulh\u00f5es<\/a> (AL), est\u00e1 pedindo aos congressistas de sua sigla para que n\u00e3o apoiem a urg\u00eancia.<\/p>\n\n\n\n<p>\u201c<em>A gente sabe em cada partido quem \u00e9 bolsonarista e quem n\u00e3o \u00e9. O problema n\u00e3o \u00e9 esse, mas tem gente que n\u00e3o \u00e9 e est\u00e1 assinando. Claro que o governo vai entender que nenhum partido vai entregar 100%. Mas, na minha avalia\u00e7\u00e3o, as coisas est\u00e3o muito soltas<\/em>\u201d, afirmou Lindbergh a jornalistas.<\/p>\n\n\n\n<p><strong><em>Fonte: Poder360<\/em><\/strong><\/p>\n\n\n\n<p><\/p>\n","protected":false},"excerpt":{"rendered":"<p>O l\u00edder do PL na C\u00e2mara, deputado S\u00f3stenes Cavalcante (PL-RJ), disse nesta 6\u00aa feira (11.abr.2025) que conseguir a anistia aos<\/p>\n","protected":false},"author":1,"featured_media":10204,"comment_status":"open","ping_status":"open","sticky":false,"template":"","format":"standard","meta":{"footnotes":""},"categories":[2],"tags":[],"class_list":["post-10203","post","type-post","status-publish","format-standard","has-post-thumbnail","hentry","category-noticias"],"_links":{"self":[{"href":"https:\/\/jornaloalvorada.com.br\/site\/wp-json\/wp\/v2\/posts\/10203","targetHints":{"allow":["GET"]}}],"collection":[{"href":"https:\/\/jornaloalvorada.com.br\/site\/wp-json\/wp\/v2\/posts"}],"about":[{"href":"https:\/\/jornaloalvorada.com.br\/site\/wp-json\/wp\/v2\/types\/post"}],"author":[{"embeddable":true,"href":"https:\/\/jornaloalvorada.com.br\/site\/wp-json\/wp\/v2\/users\/1"}],"replies":[{"embeddable":true,"href":"https:\/\/jornaloalvorada.com.br\/site\/wp-json\/wp\/v2\/comments?post=10203"}],"version-history":[{"count":1,"href":"https:\/\/jornaloalvorada.com.br\/site\/wp-json\/wp\/v2\/posts\/10203\/revisions"}],"predecessor-version":[{"id":10205,"href":"https:\/\/jornaloalvorada.com.br\/site\/wp-json\/wp\/v2\/posts\/10203\/revisions\/10205"}],"wp:featuredmedia":[{"embeddable":true,"href":"https:\/\/jornaloalvorada.com.br\/site\/wp-json\/wp\/v2\/media\/10204"}],"wp:attachment":[{"href":"https:\/\/jornaloalvorada.com.br\/site\/wp-json\/wp\/v2\/media?parent=10203"}],"wp:term":[{"taxonomy":"category","embeddable":true,"href":"https:\/\/jornaloalvorada.com.br\/site\/wp-json\/wp\/v2\/categories?post=10203"},{"taxonomy":"post_tag","embeddable":true,"href":"https:\/\/jornaloalvorada.com.br\/site\/wp-json\/wp\/v2\/tags?post=10203"}],"curies":[{"name":"wp","href":"https:\/\/api.w.org\/{rel}","templated":true}]}}