{"id":10143,"date":"2025-04-07T14:22:36","date_gmt":"2025-04-07T18:22:36","guid":{"rendered":"https:\/\/jornaloalvorada.com.br\/site\/?p=10143"},"modified":"2025-04-07T14:22:38","modified_gmt":"2025-04-07T18:22:38","slug":"governo-de-ms-investira-mais-de-r-417-milhoes-para-pavimentar-rodovias-em-tres-lagoas-e-ponta-pora","status":"publish","type":"post","link":"https:\/\/jornaloalvorada.com.br\/site\/2025\/04\/07\/governo-de-ms-investira-mais-de-r-417-milhoes-para-pavimentar-rodovias-em-tres-lagoas-e-ponta-pora\/","title":{"rendered":"Governo de MS investir\u00e1 mais de R$ 417 milh\u00f5es para pavimentar rodovias em Tr\u00eas Lagoas e Ponta Por\u00e3"},"content":{"rendered":"\n<p>O Governo de Mato Grosso do Sul segue investindo na melhoria da infraestrutura rodovi\u00e1ria e urbana do Estado. Nesta semana, a Ag\u00eancia Estadual de Gest\u00e3o de Empreendimentos (Agesul), vinculada \u00e0 Secretaria de Infraestrutura e Log\u00edstica (Seilog), publicou editais de tr\u00eas novas licita\u00e7\u00f5es que somam mais de R$ 417,3 milh\u00f5es em investimentos.<\/p>\n\n\n\n<p>As obras incluem a implanta\u00e7\u00e3o e pavimenta\u00e7\u00e3o asf\u00e1ltica de trechos estrat\u00e9gicos das rodovias MS-320 e MS-380, beneficiando diretamente os munic\u00edpios de Tr\u00eas Lagoas e Ponta Por\u00e3.<\/p>\n\n\n\n<p>A maior obra prevista \u00e9 a pavimenta\u00e7\u00e3o da MS-320, em Tr\u00eas Lagoas, com um investimento estimado de R$ 276,1 milh\u00f5es. O projeto contempla a elabora\u00e7\u00e3o dos projetos b\u00e1sico e executivo de engenharia, al\u00e9m da execu\u00e7\u00e3o da pavimenta\u00e7\u00e3o asf\u00e1ltica e obras de arte especial em um trecho de 62,9 km, ligando a MS-377 a BR-158.<\/p>\n\n\n\n<p>A sess\u00e3o de abertura da licita\u00e7\u00e3o est\u00e1 marcada para o dia 10 de julho, \u00e0s 8h30.<\/p>\n\n\n\n<p>Para Ponta Por\u00e3, duas licita\u00e7\u00f5es foram abertas para a pavimenta\u00e7\u00e3o da MS-380, somando juntas mais de R$ 141 milh\u00f5es. A obra ser\u00e1 dividida em dois lotes (1 e 2), que compreendem o trecho entre a Rua Paran\u00e1 (final do trecho urbano da cidade) at\u00e9 a BR-463, com cerca de 36,40 km de extens\u00e3o.<\/p>\n\n\n\n<p>Neste pacote ainda est\u00e1 inserida uma liga\u00e7\u00e3o importante para a cidade, o trecho que liga a MS-380 a MS-164 tamb\u00e9m est\u00e1 inserido neste pacote de investimentos. Ambas licita\u00e7\u00f5es ser\u00e3o abertas no dia 23 de abril, sendo uma das 8h30 (lote 1) e as 10h (lote 2).<\/p>\n\n\n\n<figure class=\"wp-block-image\"><a href=\"https:\/\/agenciadenoticias.ms.gov.br\/wp-content\/uploads\/2025\/04\/MAPA-DA-OBRA-NA-MS-380.png\"><img decoding=\"async\" src=\"https:\/\/agenciadenoticias.ms.gov.br\/wp-content\/uploads\/2025\/04\/MAPA-DA-OBRA-NA-MS-380.png\" alt=\"\"\/><\/a><\/figure>\n\n\n\n<p>A MS-380, que liga Ponta Por\u00e3 a Laguna Carap\u00e3 no trecho entre a BR-463 e o munic\u00edpio de Ponta Por\u00e3, \u00e9 uma rota estrat\u00e9gica que conecta importantes regi\u00f5es de produ\u00e7\u00e3o agropecu\u00e1ria a um dos principais corredores log\u00edsticos da regi\u00e3o.<\/p>\n\n\n\n<p>Com a pavimenta\u00e7\u00e3o da rodovia, a expectativa \u00e9 de ganhos significativos em agilidade no escoamento da produ\u00e7\u00e3o, al\u00e9m da redu\u00e7\u00e3o de custos log\u00edsticos, fortalecendo a competitividade do setor e impulsionando o desenvolvimento regional.<\/p>\n\n\n\n<p>O secret\u00e1rio de Infraestrutura e Log\u00edstica, Guilherme Alc\u00e2ntara, destacou a import\u00e2ncia desses investimentos para o desenvolvimento do Estado.<\/p>\n\n\n\n<p>\u201cA amplia\u00e7\u00e3o e qualifica\u00e7\u00e3o da malha rodovi\u00e1ria s\u00e3o fundamentais para a log\u00edstica, o escoamento da produ\u00e7\u00e3o e a seguran\u00e7a de quem trafega por Mato Grosso do Sul. Essas obras v\u00e3o garantir mais mobilidade, competitividade e desenvolvimento para as regi\u00f5es atendidas\u201d, afirmou.<\/p>\n\n\n\n<p>Os editais foram publicados em edi\u00e7\u00e3o extra do&nbsp;<a href=\"https:\/\/www.spdo.ms.gov.br\/diariodoe\/Index\/Download\/DO11786_28_03_2025\">Di\u00e1rio Oficial do Estado&nbsp;(DOE<\/a>), no dia 28 de mar\u00e7o de 2025 e est\u00e3o dispon\u00edveis para consulta nos sites da Agesul (<a href=\"http:\/\/www.agesul.ms.gov.br\/\">www.agesul.ms.gov.br<\/a>) e do Governo Federal (<a href=\"http:\/\/www.gov.br\/pncp\/pt-br\">www.gov.br\/pncp\/pt-br<\/a>).<\/p>\n\n\n\n<p><em>Luciana Bomfim, Comunica\u00e7\u00e3o Seilog\/Agesul<\/em><br><em>Foto de capa: Chico Ribeiro<\/em><\/p>\n","protected":false},"excerpt":{"rendered":"<p>O Governo de Mato Grosso do Sul segue investindo na melhoria da infraestrutura rodovi\u00e1ria e urbana do Estado. Nesta semana,<\/p>\n","protected":false},"author":1,"featured_media":10144,"comment_status":"open","ping_status":"open","sticky":false,"template":"","format":"standard","meta":{"footnotes":""},"categories":[2],"tags":[],"class_list":["post-10143","post","type-post","status-publish","format-standard","has-post-thumbnail","hentry","category-noticias"],"_links":{"self":[{"href":"https:\/\/jornaloalvorada.com.br\/site\/wp-json\/wp\/v2\/posts\/10143","targetHints":{"allow":["GET"]}}],"collection":[{"href":"https:\/\/jornaloalvorada.com.br\/site\/wp-json\/wp\/v2\/posts"}],"about":[{"href":"https:\/\/jornaloalvorada.com.br\/site\/wp-json\/wp\/v2\/types\/post"}],"author":[{"embeddable":true,"href":"https:\/\/jornaloalvorada.com.br\/site\/wp-json\/wp\/v2\/users\/1"}],"replies":[{"embeddable":true,"href":"https:\/\/jornaloalvorada.com.br\/site\/wp-json\/wp\/v2\/comments?post=10143"}],"version-history":[{"count":1,"href":"https:\/\/jornaloalvorada.com.br\/site\/wp-json\/wp\/v2\/posts\/10143\/revisions"}],"predecessor-version":[{"id":10145,"href":"https:\/\/jornaloalvorada.com.br\/site\/wp-json\/wp\/v2\/posts\/10143\/revisions\/10145"}],"wp:featuredmedia":[{"embeddable":true,"href":"https:\/\/jornaloalvorada.com.br\/site\/wp-json\/wp\/v2\/media\/10144"}],"wp:attachment":[{"href":"https:\/\/jornaloalvorada.com.br\/site\/wp-json\/wp\/v2\/media?parent=10143"}],"wp:term":[{"taxonomy":"category","embeddable":true,"href":"https:\/\/jornaloalvorada.com.br\/site\/wp-json\/wp\/v2\/categories?post=10143"},{"taxonomy":"post_tag","embeddable":true,"href":"https:\/\/jornaloalvorada.com.br\/site\/wp-json\/wp\/v2\/tags?post=10143"}],"curies":[{"name":"wp","href":"https:\/\/api.w.org\/{rel}","templated":true}]}}