{"id":10138,"date":"2025-04-07T14:20:27","date_gmt":"2025-04-07T18:20:27","guid":{"rendered":"https:\/\/jornaloalvorada.com.br\/site\/?p=10138"},"modified":"2025-04-07T14:20:52","modified_gmt":"2025-04-07T18:20:52","slug":"veja-momento-em-que-caminhao-explode-e-incendeia-carros-em-rodovia-de-sc","status":"publish","type":"post","link":"https:\/\/jornaloalvorada.com.br\/site\/2025\/04\/07\/veja-momento-em-que-caminhao-explode-e-incendeia-carros-em-rodovia-de-sc\/","title":{"rendered":"Veja momento em que caminh\u00e3o explode e incendeia carros em rodovia de SC"},"content":{"rendered":"\n<p>A BR-101 em Palho\u00e7a, munic\u00edpio de Santa Catarina, foi liberada, por volta das 5h10, ap\u00f3s a remo\u00e7\u00e3o da carga, durante a madrugada desta segunda-feira (7),&nbsp;<a href=\"https:\/\/www.cnnbrasil.com.br\/nacional\/sul\/sc\/caminhao-pega-fogo-e-incendeia-25-veiculos-em-palhoca\/\">ap\u00f3s um caminh\u00e3o-tanque carregado com combust\u00edvel tombar e explodir<\/a>.<\/p>\n\n\n\n<p>O acidente aconteceu no km 233 da rodovia e deixou um rastro de fogo na pista. Segundo a Pol\u00edcia Rodovi\u00e1ria Federal (PRF), o tombamento ocorreu por volta das 13h30 deste domingo (06), na altura do Morro dos Cavalos.<\/p>\n\n\n\n<p><strong>Veja o momento da explos\u00e3o:<\/strong><\/p>\n\n\n\n<p>Mais de 20 ve\u00edculos e quatro carretas foram atingidos pelas chamas, totalizando cinco pessoas ficaram feridas, incluindo o motorista da carreta e sua esposa.<\/p>\n\n\n\n<p>As outras tr\u00eas v\u00edtimas foram deslocados pela ambul\u00e2ncia da autopista e sofreram queimaduras nas pernas, mas foram liberados ap\u00f3s atendimento. V\u00eddeos mostram a situa\u00e7\u00e3o da BR-101 ap\u00f3s o inc\u00eandio,&nbsp;<strong>veja:<\/strong><\/p>\n\n\n\n<figure class=\"wp-block-embed is-type-video is-provider-youtube wp-block-embed-youtube wp-embed-aspect-16-9 wp-has-aspect-ratio\"><div class=\"wp-block-embed__wrapper\">\n<iframe loading=\"lazy\" title=\"Rodovia \u00e9 liberada 16 horas ap\u00f3s caminh\u00e3o explodir no Morro dos Cavalos | CNN NOVO DIA\" width=\"800\" height=\"450\" src=\"https:\/\/www.youtube.com\/embed\/FaTOiWjgEcc?feature=oembed\" frameborder=\"0\" allow=\"accelerometer; autoplay; clipboard-write; encrypted-media; gyroscope; picture-in-picture; web-share\" referrerpolicy=\"strict-origin-when-cross-origin\" allowfullscreen><\/iframe>\n<\/div><\/figure>\n\n\n\n<p>O casal dono do ve\u00edculo foi encaminhado para a UPA da Pinheiras, ambos com queimaduras de 1\u00b0, 2\u00b0 e 3\u00b0 grau. A mulher queimou 20% da \u00e1rea corporal, enquanto o homem, 30%.<\/p>\n\n\n\n<p>A Assessoria de Imprensa do Corpo de Bombeiros Militar de Santa Catarina confirmou que o caso segue em investiga\u00e7\u00e3o, para identificar as causas do acidente.<\/p>\n\n\n\n<p><strong><em>Fonte: CNN Brasil<\/em><\/strong><\/p>\n","protected":false},"excerpt":{"rendered":"<p>A BR-101 em Palho\u00e7a, munic\u00edpio de Santa Catarina, foi liberada, por volta das 5h10, ap\u00f3s a remo\u00e7\u00e3o da carga, durante<\/p>\n","protected":false},"author":1,"featured_media":10139,"comment_status":"open","ping_status":"open","sticky":false,"template":"","format":"standard","meta":{"footnotes":""},"categories":[2],"tags":[],"class_list":["post-10138","post","type-post","status-publish","format-standard","has-post-thumbnail","hentry","category-noticias"],"_links":{"self":[{"href":"https:\/\/jornaloalvorada.com.br\/site\/wp-json\/wp\/v2\/posts\/10138","targetHints":{"allow":["GET"]}}],"collection":[{"href":"https:\/\/jornaloalvorada.com.br\/site\/wp-json\/wp\/v2\/posts"}],"about":[{"href":"https:\/\/jornaloalvorada.com.br\/site\/wp-json\/wp\/v2\/types\/post"}],"author":[{"embeddable":true,"href":"https:\/\/jornaloalvorada.com.br\/site\/wp-json\/wp\/v2\/users\/1"}],"replies":[{"embeddable":true,"href":"https:\/\/jornaloalvorada.com.br\/site\/wp-json\/wp\/v2\/comments?post=10138"}],"version-history":[{"count":2,"href":"https:\/\/jornaloalvorada.com.br\/site\/wp-json\/wp\/v2\/posts\/10138\/revisions"}],"predecessor-version":[{"id":10142,"href":"https:\/\/jornaloalvorada.com.br\/site\/wp-json\/wp\/v2\/posts\/10138\/revisions\/10142"}],"wp:featuredmedia":[{"embeddable":true,"href":"https:\/\/jornaloalvorada.com.br\/site\/wp-json\/wp\/v2\/media\/10139"}],"wp:attachment":[{"href":"https:\/\/jornaloalvorada.com.br\/site\/wp-json\/wp\/v2\/media?parent=10138"}],"wp:term":[{"taxonomy":"category","embeddable":true,"href":"https:\/\/jornaloalvorada.com.br\/site\/wp-json\/wp\/v2\/categories?post=10138"},{"taxonomy":"post_tag","embeddable":true,"href":"https:\/\/jornaloalvorada.com.br\/site\/wp-json\/wp\/v2\/tags?post=10138"}],"curies":[{"name":"wp","href":"https:\/\/api.w.org\/{rel}","templated":true}]}}