{"id":10121,"date":"2025-04-03T16:47:17","date_gmt":"2025-04-03T20:47:17","guid":{"rendered":"https:\/\/jornaloalvorada.com.br\/site\/?p=10121"},"modified":"2025-04-03T16:47:19","modified_gmt":"2025-04-03T20:47:19","slug":"vereador-de-dourados-e-o-novo-presidente-eleito-da-uniao-das-camaras-de-ms","status":"publish","type":"post","link":"https:\/\/jornaloalvorada.com.br\/site\/2025\/04\/03\/vereador-de-dourados-e-o-novo-presidente-eleito-da-uniao-das-camaras-de-ms\/","title":{"rendered":"Vereador de Dourados \u00e9 o novo presidente eleito da Uni\u00e3o das C\u00e2maras de MS"},"content":{"rendered":"\n<p>O vereador Daniel J\u00fanior (PP) de Dourados \u00e9 o novo presidente eleito UCVMS (Uni\u00e3o das C\u00e2maras de Vereadores de Mato Grosso do Sul). Ele derrotou o colega Jeovani Vieira (PSDB), de Jate\u00ed, que tentava um terceiro mandato.<\/p>\n\n\n\n<p>O parlamentar de Dourados teve 198 votos, contra 166 do atual presidente. A inten\u00e7\u00e3o de Daniel J\u00fanio \u00e9 resgatar a credibilidade da institui\u00e7\u00e3o. Ele assume o cargo em 30 dias.<\/p>\n\n\n\n<p>Dos 79 munic\u00edpios de MS com C\u00e2maras de Vereadores, apenas 32 s\u00e3o associadas \u00e0 UCVMS. Dos com 403 parlamentares inscritos na entidade, 360 participaram da elei\u00e7\u00e3o.<\/p>\n\n\n\n<p><strong><em>Fonte: Midia NAS<\/em><\/strong><\/p>\n","protected":false},"excerpt":{"rendered":"<p>O vereador Daniel J\u00fanior (PP) de Dourados \u00e9 o novo presidente eleito UCVMS (Uni\u00e3o das C\u00e2maras de Vereadores de Mato<\/p>\n","protected":false},"author":1,"featured_media":10122,"comment_status":"open","ping_status":"open","sticky":false,"template":"","format":"standard","meta":{"footnotes":""},"categories":[2],"tags":[],"class_list":["post-10121","post","type-post","status-publish","format-standard","has-post-thumbnail","hentry","category-noticias"],"_links":{"self":[{"href":"https:\/\/jornaloalvorada.com.br\/site\/wp-json\/wp\/v2\/posts\/10121","targetHints":{"allow":["GET"]}}],"collection":[{"href":"https:\/\/jornaloalvorada.com.br\/site\/wp-json\/wp\/v2\/posts"}],"about":[{"href":"https:\/\/jornaloalvorada.com.br\/site\/wp-json\/wp\/v2\/types\/post"}],"author":[{"embeddable":true,"href":"https:\/\/jornaloalvorada.com.br\/site\/wp-json\/wp\/v2\/users\/1"}],"replies":[{"embeddable":true,"href":"https:\/\/jornaloalvorada.com.br\/site\/wp-json\/wp\/v2\/comments?post=10121"}],"version-history":[{"count":1,"href":"https:\/\/jornaloalvorada.com.br\/site\/wp-json\/wp\/v2\/posts\/10121\/revisions"}],"predecessor-version":[{"id":10123,"href":"https:\/\/jornaloalvorada.com.br\/site\/wp-json\/wp\/v2\/posts\/10121\/revisions\/10123"}],"wp:featuredmedia":[{"embeddable":true,"href":"https:\/\/jornaloalvorada.com.br\/site\/wp-json\/wp\/v2\/media\/10122"}],"wp:attachment":[{"href":"https:\/\/jornaloalvorada.com.br\/site\/wp-json\/wp\/v2\/media?parent=10121"}],"wp:term":[{"taxonomy":"category","embeddable":true,"href":"https:\/\/jornaloalvorada.com.br\/site\/wp-json\/wp\/v2\/categories?post=10121"},{"taxonomy":"post_tag","embeddable":true,"href":"https:\/\/jornaloalvorada.com.br\/site\/wp-json\/wp\/v2\/tags?post=10121"}],"curies":[{"name":"wp","href":"https:\/\/api.w.org\/{rel}","templated":true}]}}